{"id":7745,"date":"2023-04-12T08:06:00","date_gmt":"2023-04-12T07:06:00","guid":{"rendered":"https:\/\/saludextremadura.ses.es\/stadiccionextremadura\/?p=7745"},"modified":"2024-06-20T08:08:01","modified_gmt":"2024-06-20T07:08:01","slug":"subvenciones-concesion-irpf-2023","status":"publish","type":"post","link":"https:\/\/saludextremadura.ses.es\/stadiccionextremadura\/subvenciones-concesion-irpf-2023\/","title":{"rendered":"Subvenciones Concesi\u00f3n IRPF 2023"},"content":{"rendered":"\n<p><strong>Resoluci\u00f3n de 28 de marzo de 2023, de la Direcci\u00f3n General de Servicios Sociales, Infancia y Familias, por la que se resuelve el procedimiento de concesi\u00f3n de subvenciones convocadas al amparo de la Resoluci\u00f3n de 14 de octubre de 2022, de la Secretar\u00eda General, por la que se convocan subvenciones para la financiaci\u00f3n de programas de inter\u00e9s general en la Comunidad Aut\u00f3noma de Extremadura con cargo a la asignaci\u00f3n tributaria del 0,7 % del Impuesto sobre la Renta de las Personas F\u00edsicas.<\/strong><\/p>\n\n\n\n<p>Acceso a la Resoluci\u00f3n:  <a href=\"https:\/\/doe.juntaex.es\/otrosFormatos\/html.php?xml=2023061198&amp;anio=2023&amp;doe=680o\" target=\"_blank\" rel=\"noreferrer noopener\">https:\/\/doe.juntaex.es\/otrosFormatos\/html.php?xml=2023061198&amp;anio=2023&amp;doe=680o<\/a><\/p>\n\n\n\n<p><\/p>\n<!-- AddThis Advanced Settings generic via filter on the_content --><!-- AddThis Share Buttons generic via filter on the_content -->","protected":false},"excerpt":{"rendered":"<p>Resoluci\u00f3n de 28 de marzo de 2023, de la Direcci\u00f3n General de Servicios Sociales, Infancia y Familias, por la que se resuelve el procedimiento de concesi\u00f3n de subvenciones convocadas al amparo de la Resoluci\u00f3n de 14 de octubre de 2022, de la Secretar\u00eda General, por la que se convocan subvenciones para la financiaci\u00f3n de programas [&hellip;]<!-- AddThis Advanced Settings generic via filter on get_the_excerpt --><!-- AddThis Share Buttons generic via filter on get_the_excerpt --><\/p>\n","protected":false},"author":3,"featured_media":0,"comment_status":"open","ping_status":"closed","sticky":false,"template":"","format":"standard","meta":[],"categories":[1],"tags":[],"_links":{"self":[{"href":"https:\/\/saludextremadura.ses.es\/stadiccionextremadura\/wp-json\/wp\/v2\/posts\/7745"}],"collection":[{"href":"https:\/\/saludextremadura.ses.es\/stadiccionextremadura\/wp-json\/wp\/v2\/posts"}],"about":[{"href":"https:\/\/saludextremadura.ses.es\/stadiccionextremadura\/wp-json\/wp\/v2\/types\/post"}],"author":[{"embeddable":true,"href":"https:\/\/saludextremadura.ses.es\/stadiccionextremadura\/wp-json\/wp\/v2\/users\/3"}],"replies":[{"embeddable":true,"href":"https:\/\/saludextremadura.ses.es\/stadiccionextremadura\/wp-json\/wp\/v2\/comments?post=7745"}],"version-history":[{"count":1,"href":"https:\/\/saludextremadura.ses.es\/stadiccionextremadura\/wp-json\/wp\/v2\/posts\/7745\/revisions"}],"predecessor-version":[{"id":7746,"href":"https:\/\/saludextremadura.ses.es\/stadiccionextremadura\/wp-json\/wp\/v2\/posts\/7745\/revisions\/7746"}],"wp:attachment":[{"href":"https:\/\/saludextremadura.ses.es\/stadiccionextremadura\/wp-json\/wp\/v2\/media?parent=7745"}],"wp:term":[{"taxonomy":"category","embeddable":true,"href":"https:\/\/saludextremadura.ses.es\/stadiccionextremadura\/wp-json\/wp\/v2\/categories?post=7745"},{"taxonomy":"post_tag","embeddable":true,"href":"https:\/\/saludextremadura.ses.es\/stadiccionextremadura\/wp-json\/wp\/v2\/tags?post=7745"}],"curies":[{"name":"wp","href":"https:\/\/api.w.org\/{rel}","templated":true}]}}