{"id":6140,"date":"2021-04-12T07:41:46","date_gmt":"2021-04-12T06:41:46","guid":{"rendered":"https:\/\/saludextremadura.ses.es\/stadiccionextremadura\/?p=6140"},"modified":"2021-04-12T07:41:47","modified_gmt":"2021-04-12T06:41:47","slug":"programa-pamicaf","status":"publish","type":"post","link":"https:\/\/saludextremadura.ses.es\/stadiccionextremadura\/programa-pamicaf\/","title":{"rendered":"Programa PAMICAF"},"content":{"rendered":"\n<p><strong>Programa Ambulatorio para Menores Infractores con Conductas adictivas y sus familias (PROGRAMA PAMICAF)\u00a0<\/strong>que nace de la necesidad conjunta de la Secretaria T\u00e9cnica de Drogodependencias del SES, Direcci\u00f3n General de SS, Infancia y Familias de la Consejer\u00eda de Sanidad y Servicios Sociales de la Junta de Extremadura, C\u00e1ritas Diocesana de M\u00e9rida-Badajoz y la Fiscal\u00eda de Menores de Badajoz para trabajar con j\u00f3venes menores infractores que presentan conductas adictivas y sus familias.<\/p>\n\n\n\n<figure class=\"wp-block-image size-large\"><img decoding=\"async\" loading=\"lazy\" width=\"1024\" height=\"643\" src=\"https:\/\/saludextremadura.ses.es\/stadiccionextremadura\/archivos\/IMG-PAMICAF-1024x643.png\" alt=\"\" class=\"wp-image-6141\" srcset=\"https:\/\/saludextremadura.ses.es\/stadiccionextremadura\/archivos\/IMG-PAMICAF-1024x643.png 1024w, https:\/\/saludextremadura.ses.es\/stadiccionextremadura\/archivos\/IMG-PAMICAF-300x188.png 300w, https:\/\/saludextremadura.ses.es\/stadiccionextremadura\/archivos\/IMG-PAMICAF-768x482.png 768w, https:\/\/saludextremadura.ses.es\/stadiccionextremadura\/archivos\/IMG-PAMICAF.png 1290w\" sizes=\"(max-width: 1024px) 100vw, 1024px\" \/><\/figure>\n\n\n\n<div class=\"wp-block-file\"><a href=\"https:\/\/saludextremadura.ses.es\/stadiccionextremadura\/archivos\/PROG-AMBULATORIO-MENORES-INFRACTORES-COND-ADICTIVAS-Y-FAMILIAS.-2021.pdf\">Presentaci\u00f3n PROGRAMA AMBULATORIO MENORES INFRACTORES CONDUCTAS ADICTIVAS Y FAMILIAS 2021<\/a><a href=\"https:\/\/saludextremadura.ses.es\/stadiccionextremadura\/archivos\/PROG-AMBULATORIO-MENORES-INFRACTORES-COND-ADICTIVAS-Y-FAMILIAS.-2021.pdf\" class=\"wp-block-file__button\" download>Descarga<\/a><\/div>\n<!-- AddThis Advanced Settings generic via filter on the_content --><!-- AddThis Share Buttons generic via filter on the_content -->","protected":false},"excerpt":{"rendered":"<p>Programa Ambulatorio para Menores Infractores con Conductas adictivas y sus familias (PROGRAMA PAMICAF)\u00a0que nace de la necesidad conjunta de la Secretaria T\u00e9cnica de Drogodependencias del SES, Direcci\u00f3n General de SS, Infancia y Familias de la Consejer\u00eda de Sanidad y Servicios Sociales de la Junta de Extremadura, C\u00e1ritas Diocesana de M\u00e9rida-Badajoz y la Fiscal\u00eda de Menores [&hellip;]<!-- AddThis Advanced Settings generic via filter on get_the_excerpt --><!-- AddThis Share Buttons generic via filter on get_the_excerpt --><\/p>\n","protected":false},"author":3,"featured_media":0,"comment_status":"open","ping_status":"closed","sticky":false,"template":"","format":"standard","meta":[],"categories":[30,46,35],"tags":[],"_links":{"self":[{"href":"https:\/\/saludextremadura.ses.es\/stadiccionextremadura\/wp-json\/wp\/v2\/posts\/6140"}],"collection":[{"href":"https:\/\/saludextremadura.ses.es\/stadiccionextremadura\/wp-json\/wp\/v2\/posts"}],"about":[{"href":"https:\/\/saludextremadura.ses.es\/stadiccionextremadura\/wp-json\/wp\/v2\/types\/post"}],"author":[{"embeddable":true,"href":"https:\/\/saludextremadura.ses.es\/stadiccionextremadura\/wp-json\/wp\/v2\/users\/3"}],"replies":[{"embeddable":true,"href":"https:\/\/saludextremadura.ses.es\/stadiccionextremadura\/wp-json\/wp\/v2\/comments?post=6140"}],"version-history":[{"count":1,"href":"https:\/\/saludextremadura.ses.es\/stadiccionextremadura\/wp-json\/wp\/v2\/posts\/6140\/revisions"}],"predecessor-version":[{"id":6143,"href":"https:\/\/saludextremadura.ses.es\/stadiccionextremadura\/wp-json\/wp\/v2\/posts\/6140\/revisions\/6143"}],"wp:attachment":[{"href":"https:\/\/saludextremadura.ses.es\/stadiccionextremadura\/wp-json\/wp\/v2\/media?parent=6140"}],"wp:term":[{"taxonomy":"category","embeddable":true,"href":"https:\/\/saludextremadura.ses.es\/stadiccionextremadura\/wp-json\/wp\/v2\/categories?post=6140"},{"taxonomy":"post_tag","embeddable":true,"href":"https:\/\/saludextremadura.ses.es\/stadiccionextremadura\/wp-json\/wp\/v2\/tags?post=6140"}],"curies":[{"name":"wp","href":"https:\/\/api.w.org\/{rel}","templated":true}]}}