{"id":5898,"date":"2020-10-30T12:50:06","date_gmt":"2020-10-30T11:50:06","guid":{"rendered":"https:\/\/saludextremadura.ses.es\/stadiccionextremadura\/?p=5898"},"modified":"2020-11-05T12:42:45","modified_gmt":"2020-11-05T11:42:45","slug":"unete-la-proxima-semana-a-la-5a-edicion-medsafetyweek","status":"publish","type":"post","link":"https:\/\/saludextremadura.ses.es\/stadiccionextremadura\/unete-la-proxima-semana-a-la-5a-edicion-medsafetyweek\/","title":{"rendered":"La AEMPS celebra la #MedSafetyWeek para fomentar la notificaci\u00f3n de sospechas de reacciones adversas a medicamentos"},"content":{"rendered":"\n<p><\/p>\n\n\n\n<figure class=\"wp-block-image size-large\"><img decoding=\"async\" loading=\"lazy\" width=\"1024\" height=\"536\" src=\"https:\/\/saludextremadura.ses.es\/stadiccionextremadura\/archivos\/Social-media-card-1024x536.png\" alt=\"\" class=\"wp-image-5899\" srcset=\"https:\/\/saludextremadura.ses.es\/stadiccionextremadura\/archivos\/Social-media-card-1024x536.png 1024w, https:\/\/saludextremadura.ses.es\/stadiccionextremadura\/archivos\/Social-media-card-300x157.png 300w, https:\/\/saludextremadura.ses.es\/stadiccionextremadura\/archivos\/Social-media-card-768x402.png 768w, https:\/\/saludextremadura.ses.es\/stadiccionextremadura\/archivos\/Social-media-card-1536x804.png 1536w, https:\/\/saludextremadura.ses.es\/stadiccionextremadura\/archivos\/Social-media-card-2048x1072.png 2048w\" sizes=\"(max-width: 1024px) 100vw, 1024px\" \/><\/figure>\n\n\n\n<p><\/p>\n\n\n\n<figure class=\"wp-block-embed-wordpress wp-block-embed is-type-wp-embed is-provider-agencia-espanola-de-medicamentos-y-productos-sanitarios\"><div class=\"wp-block-embed__wrapper\">\n<blockquote class=\"wp-embedded-content\" data-secret=\"oERdcV2shR\"><a href=\"https:\/\/www.aemps.gob.es\/informa\/notasinformativas\/medicamentosusohumano-3\/seguridad-1\/2020-seguridad-1\/la-aemps-celebra-la-medsafetyweek-para-fomentar-la-notificacion-de-sospechas-de-reacciones-adversas-a-medicamentos\/\">La AEMPS celebra la #MedSafetyWeek para fomentar la notificaci\u00f3n de sospechas de reacciones adversas a medicamentos<\/a><\/blockquote><iframe class=\"wp-embedded-content\" sandbox=\"allow-scripts\" security=\"restricted\" style=\"position: absolute; clip: rect(1px, 1px, 1px, 1px);\" title=\"&#171;La AEMPS celebra la #MedSafetyWeek para fomentar la notificaci\u00f3n de sospechas de reacciones adversas a medicamentos&#187; &#8212; Agencia Espa\u00f1ola de Medicamentos y Productos Sanitarios\" src=\"https:\/\/www.aemps.gob.es\/informa\/notasinformativas\/medicamentosusohumano-3\/seguridad-1\/2020-seguridad-1\/la-aemps-celebra-la-medsafetyweek-para-fomentar-la-notificacion-de-sospechas-de-reacciones-adversas-a-medicamentos\/embed\/#?secret=oERdcV2shR\" data-secret=\"oERdcV2shR\" width=\"500\" height=\"282\" frameborder=\"0\" marginwidth=\"0\" marginheight=\"0\" scrolling=\"no\"><\/iframe>\n<\/div><figcaption><br>La Agencia Espa\u00f1ola de Medicamentos y Productos Sanitarios (AEMPS) participa en la quinta edici\u00f3n de la\u00a0<a rel=\"noreferrer noopener\" href=\"https:\/\/www.who-umc.org\/global-pharmacovigilance\/pharmacovigilance-communications\/medsafetyweek\/\" target=\"_blank\">#MedSafetyWeek<\/a>, una campa\u00f1a de concienciaci\u00f3n a nivel internacional que se celebrar\u00e1 del 2 al 8 de noviembre, con la misi\u00f3n de fomentar la notificaci\u00f3n de sospechas de reacciones adversas a medicamentos (RAM), tanto por parte de profesionales de la Sanidad, como de ciudadanos.<br>\u00a0<br>Con el lema \u00abcada notificaci\u00f3n cuenta\u00bb, la campa\u00f1a se centrar\u00e1, en nuestro pa\u00eds, en la importancia de notificar todas estas sospechas de reacciones adversas al Sistema Espa\u00f1ol de Farmacovigilancia de medicamentos de uso Humano (SEFV-H), disponiendo para ello, el portal<a rel=\"noreferrer noopener\" href=\"https:\/\/www.notificaram.es\/Pages\/CCAA.aspx#no-back-button\" target=\"_blank\">\u00a0NotificaRAM\u00a0<\/a>de la AEMPS.<br>Las notificaciones recibidas son evaluadas por los t\u00e9cnicos del SEFV-H, que las registran en una base de datos com\u00fan (FEDRA- La revisi\u00f3n de FEDRA permite comprobar si se acumulan casos similares de sospechas de reacciones adversas no descritas hasta el momento. Estos datos se complementan con otras fuentes. Una vez se eval\u00faa la relaci\u00f3n con el medicamento, se actualiza la informaci\u00f3n de su ficha t\u00e9cnica, as\u00ed como del prospecto en caso de que sea necesario. Estos cambios se realizan en colaboraci\u00f3n con el resto de pa\u00edses de la Uni\u00f3n Europea. Si los cambios son muy relevantes para profesionales y pacientes, se comunican tambi\u00e9n a trav\u00e9s de las notas de seguridad que elabora la AEMPS.<br>\u00a0<br>M\u00e1s informaci\u00f3n:<br><a rel=\"noreferrer noopener\" href=\"https:\/\/www.aemps.gob.es\/informa\/notasinformativas\/medicamentosusohumano-3\/seguridad-1\/2020-seguridad-1\/la-aemps-celebra-la-medsafetyweek-para-fomentar-la-notificacion-de-sospechas-de-reacciones-adversas-a-medicamentos\/\" target=\"_blank\">https:\/\/www.aemps.gob.es\/informa\/notasinformativas\/medicamentosusohumano-3\/seguridad-1\/2020-seguridad-1\/la-aemps-celebra-la-medsafetyweek-para-fomentar-la-notificacion-de-sospechas-de-reacciones-adversas-a-medicamentos\/<\/a><br><a rel=\"noreferrer noopener\" href=\"https:\/\/saludextremadura.ses.es\/web\/detalle-contenido-estructurado?content=campana-medsafetyweek-2020\" target=\"_blank\">https:\/\/saludextremadura.ses.es\/web\/detalle-contenido-estructurado?content=campana-medsafetyweek-2020<\/a><br>\u00a0<\/figcaption><\/figure>\n\n\n\n<p>Toma solo los medicamentos recetados por tu profesional sanitario. Aseg\u00farate de que son los adecuados y de que la dosis y el momento son correctos.<strong><\/strong><\/p>\n\n\n\n<p>M\u00e1s informaci\u00f3n: <a href=\"https:\/\/saludextremadura.ses.es\/web\/detalle-contenido-estructurado?content=campana-medsafetyweek-2020\">https:\/\/saludextremadura.ses.es\/web\/detalle-contenido-estructurado?content=campana-medsafetyweek-2020<\/a><\/p>\n\n\n\n<p><\/p>\n<!-- AddThis Advanced Settings generic via filter on the_content --><!-- AddThis Share Buttons generic via filter on the_content -->","protected":false},"excerpt":{"rendered":"<p>Toma solo los medicamentos recetados por tu profesional sanitario. Aseg\u00farate de que son los adecuados y de que la dosis y el momento son correctos. M\u00e1s informaci\u00f3n: https:\/\/saludextremadura.ses.es\/web\/detalle-contenido-estructurado?content=campana-medsafetyweek-2020<!-- AddThis Advanced Settings generic via filter on get_the_excerpt --><!-- AddThis Share Buttons generic via filter on get_the_excerpt --><\/p>\n","protected":false},"author":3,"featured_media":0,"comment_status":"open","ping_status":"closed","sticky":false,"template":"","format":"standard","meta":[],"categories":[1],"tags":[],"_links":{"self":[{"href":"https:\/\/saludextremadura.ses.es\/stadiccionextremadura\/wp-json\/wp\/v2\/posts\/5898"}],"collection":[{"href":"https:\/\/saludextremadura.ses.es\/stadiccionextremadura\/wp-json\/wp\/v2\/posts"}],"about":[{"href":"https:\/\/saludextremadura.ses.es\/stadiccionextremadura\/wp-json\/wp\/v2\/types\/post"}],"author":[{"embeddable":true,"href":"https:\/\/saludextremadura.ses.es\/stadiccionextremadura\/wp-json\/wp\/v2\/users\/3"}],"replies":[{"embeddable":true,"href":"https:\/\/saludextremadura.ses.es\/stadiccionextremadura\/wp-json\/wp\/v2\/comments?post=5898"}],"version-history":[{"count":6,"href":"https:\/\/saludextremadura.ses.es\/stadiccionextremadura\/wp-json\/wp\/v2\/posts\/5898\/revisions"}],"predecessor-version":[{"id":5923,"href":"https:\/\/saludextremadura.ses.es\/stadiccionextremadura\/wp-json\/wp\/v2\/posts\/5898\/revisions\/5923"}],"wp:attachment":[{"href":"https:\/\/saludextremadura.ses.es\/stadiccionextremadura\/wp-json\/wp\/v2\/media?parent=5898"}],"wp:term":[{"taxonomy":"category","embeddable":true,"href":"https:\/\/saludextremadura.ses.es\/stadiccionextremadura\/wp-json\/wp\/v2\/categories?post=5898"},{"taxonomy":"post_tag","embeddable":true,"href":"https:\/\/saludextremadura.ses.es\/stadiccionextremadura\/wp-json\/wp\/v2\/tags?post=5898"}],"curies":[{"name":"wp","href":"https:\/\/api.w.org\/{rel}","templated":true}]}}