{"id":5804,"date":"2020-08-04T09:39:30","date_gmt":"2020-08-04T08:39:30","guid":{"rendered":"https:\/\/saludextremadura.ses.es\/stadiccionextremadura\/?p=5804"},"modified":"2020-08-04T09:40:56","modified_gmt":"2020-08-04T08:40:56","slug":"impacto-covid-19-en-actividades-de-prevencion-tratamiento-reduccion-de-danos-e-incorporacion-social-las-distintas-ccaa","status":"publish","type":"post","link":"https:\/\/saludextremadura.ses.es\/stadiccionextremadura\/impacto-covid-19-en-actividades-de-prevencion-tratamiento-reduccion-de-danos-e-incorporacion-social-las-distintas-ccaa\/","title":{"rendered":"Impacto Covid 19 en Actividades de Prevenci\u00f3n, Tratamiento, Reducci\u00f3n de Da\u00f1os e Incorporaci\u00f3n Social, las distintas CCAA."},"content":{"rendered":"\n<figure class=\"wp-block-image size-large\"><img decoding=\"async\" loading=\"lazy\" width=\"872\" height=\"606\" src=\"https:\/\/saludextremadura.ses.es\/stadiccionextremadura\/archivos\/Imag-impacto-covid.png\" alt=\"\" class=\"wp-image-5805\" srcset=\"https:\/\/saludextremadura.ses.es\/stadiccionextremadura\/archivos\/Imag-impacto-covid.png 872w, https:\/\/saludextremadura.ses.es\/stadiccionextremadura\/archivos\/Imag-impacto-covid-300x208.png 300w, https:\/\/saludextremadura.ses.es\/stadiccionextremadura\/archivos\/Imag-impacto-covid-768x534.png 768w\" sizes=\"(max-width: 872px) 100vw, 872px\" \/><\/figure>\n\n\n\n<div class=\"wp-block-file\"><a href=\"https:\/\/saludextremadura.ses.es\/stadiccionextremadura\/archivos\/INFORME-IMPACTO-COVID19-CCAA-FASE-INICIAL-PANDEMIA-COVID-PREV-TTO-REDDA\u00d1....pdf\">INFORME IMPACTO COVID19 CCAA FASE INICIAL PANDEMIA COVID PREV TTO REDDA\u00d1&#8230;<\/a><a href=\"https:\/\/saludextremadura.ses.es\/stadiccionextremadura\/archivos\/INFORME-IMPACTO-COVID19-CCAA-FASE-INICIAL-PANDEMIA-COVID-PREV-TTO-REDDA\u00d1....pdf\" class=\"wp-block-file__button\" download>Descarga<\/a><\/div>\n<!-- AddThis Advanced Settings generic via filter on the_content --><!-- AddThis Share Buttons generic via filter on the_content -->","protected":false},"excerpt":{"rendered":"<p><!-- AddThis Advanced Settings generic via filter on get_the_excerpt --><!-- AddThis Share Buttons generic via filter on get_the_excerpt --><\/p>\n","protected":false},"author":3,"featured_media":0,"comment_status":"open","ping_status":"closed","sticky":false,"template":"","format":"standard","meta":[],"categories":[64,133],"tags":[],"_links":{"self":[{"href":"https:\/\/saludextremadura.ses.es\/stadiccionextremadura\/wp-json\/wp\/v2\/posts\/5804"}],"collection":[{"href":"https:\/\/saludextremadura.ses.es\/stadiccionextremadura\/wp-json\/wp\/v2\/posts"}],"about":[{"href":"https:\/\/saludextremadura.ses.es\/stadiccionextremadura\/wp-json\/wp\/v2\/types\/post"}],"author":[{"embeddable":true,"href":"https:\/\/saludextremadura.ses.es\/stadiccionextremadura\/wp-json\/wp\/v2\/users\/3"}],"replies":[{"embeddable":true,"href":"https:\/\/saludextremadura.ses.es\/stadiccionextremadura\/wp-json\/wp\/v2\/comments?post=5804"}],"version-history":[{"count":2,"href":"https:\/\/saludextremadura.ses.es\/stadiccionextremadura\/wp-json\/wp\/v2\/posts\/5804\/revisions"}],"predecessor-version":[{"id":5808,"href":"https:\/\/saludextremadura.ses.es\/stadiccionextremadura\/wp-json\/wp\/v2\/posts\/5804\/revisions\/5808"}],"wp:attachment":[{"href":"https:\/\/saludextremadura.ses.es\/stadiccionextremadura\/wp-json\/wp\/v2\/media?parent=5804"}],"wp:term":[{"taxonomy":"category","embeddable":true,"href":"https:\/\/saludextremadura.ses.es\/stadiccionextremadura\/wp-json\/wp\/v2\/categories?post=5804"},{"taxonomy":"post_tag","embeddable":true,"href":"https:\/\/saludextremadura.ses.es\/stadiccionextremadura\/wp-json\/wp\/v2\/tags?post=5804"}],"curies":[{"name":"wp","href":"https:\/\/api.w.org\/{rel}","templated":true}]}}