{"id":5756,"date":"2020-07-15T11:49:38","date_gmt":"2020-07-15T10:49:38","guid":{"rendered":"https:\/\/saludextremadura.ses.es\/stadiccionextremadura\/?p=5756"},"modified":"2020-07-16T11:11:07","modified_gmt":"2020-07-16T10:11:07","slug":"covid-19-consumo-de-sustancias-psicoactivas-y-adicciones-en-espana","status":"publish","type":"post","link":"https:\/\/saludextremadura.ses.es\/stadiccionextremadura\/covid-19-consumo-de-sustancias-psicoactivas-y-adicciones-en-espana\/","title":{"rendered":"COVID-19, consumo de sustancias psicoactivas y adicciones en Espa\u00f1a."},"content":{"rendered":"\n<p><\/p>\n\n\n\n<p><\/p>\n\n\n\n<p><\/p>\n\n\n\n<p><\/p>\n\n\n\n<p><\/p>\n\n\n\n<figure class=\"wp-block-image size-large\"><a href=\"https:\/\/pnsd.sanidad.gob.es\/noticiasEventos\/actualidad\/2020_Coronavirus\/pdf\/20200715_Informe_IMPACTO_COVID-19_OEDA_final.pdf\"><img decoding=\"async\" loading=\"lazy\" width=\"815\" height=\"858\" src=\"https:\/\/saludextremadura.ses.es\/stadiccionextremadura\/archivos\/caratula-encuesta.png\" alt=\"\" class=\"wp-image-5758\" srcset=\"https:\/\/saludextremadura.ses.es\/stadiccionextremadura\/archivos\/caratula-encuesta.png 815w, https:\/\/saludextremadura.ses.es\/stadiccionextremadura\/archivos\/caratula-encuesta-285x300.png 285w, https:\/\/saludextremadura.ses.es\/stadiccionextremadura\/archivos\/caratula-encuesta-768x809.png 768w\" sizes=\"(max-width: 815px) 100vw, 815px\" \/><\/a><\/figure>\n\n\n\n<p>La epidemia de COVID 19 ha supuesto un importante impacto en la vida diaria de las personas y un reto sin precedentes para los servicios de salud que prestan atenci\u00f3n a las personas con adicci\u00f3n. Esta situaci\u00f3n ha podido condicionar cambios en las pautas de consumo de sustancias psicoactivas y otras adicciones. Con el objetivo de conocer este potencial impacto de la pandemia y las medidas implantadas para su control sobre el consumo de sustancias psicoactivas y sus problemas asociados, el Observatorio Espa\u00f1ol de las Drogas y las Adicciones ha realizado un seguimiento de esta situaci\u00f3n a partir de diferentes fuentes de informaci\u00f3n. Se presenta aqu\u00ed el primer an\u00e1lisis realizado a partir de estas fuentes que se han desarrollado durante los meses de marzo a junio 2020.<\/p>\n\n\n\n<div class=\"wp-block-file\"><a href=\"https:\/\/saludextremadura.ses.es\/stadiccionextremadura\/archivos\/informe-IMPACTO-Covid-OEDA-final.pdf\">informe-IMPACTO-Covid-OEDA-final<\/a><a href=\"https:\/\/saludextremadura.ses.es\/stadiccionextremadura\/archivos\/informe-IMPACTO-Covid-OEDA-final.pdf\" class=\"wp-block-file__button\" download>Descarga<\/a><\/div>\n<!-- AddThis Advanced Settings generic via filter on the_content --><!-- AddThis Share Buttons generic via filter on the_content -->","protected":false},"excerpt":{"rendered":"<p>La epidemia de COVID 19 ha supuesto un importante impacto en la vida diaria de las personas y un reto sin precedentes para los servicios de salud que prestan atenci\u00f3n a las personas con adicci\u00f3n. Esta situaci\u00f3n ha podido condicionar cambios en las pautas de consumo de sustancias psicoactivas y otras adicciones. Con el objetivo [&hellip;]<!-- AddThis Advanced Settings generic via filter on get_the_excerpt --><!-- AddThis Share Buttons generic via filter on get_the_excerpt --><\/p>\n","protected":false},"author":3,"featured_media":0,"comment_status":"open","ping_status":"closed","sticky":false,"template":"","format":"standard","meta":[],"categories":[64,136,133],"tags":[],"_links":{"self":[{"href":"https:\/\/saludextremadura.ses.es\/stadiccionextremadura\/wp-json\/wp\/v2\/posts\/5756"}],"collection":[{"href":"https:\/\/saludextremadura.ses.es\/stadiccionextremadura\/wp-json\/wp\/v2\/posts"}],"about":[{"href":"https:\/\/saludextremadura.ses.es\/stadiccionextremadura\/wp-json\/wp\/v2\/types\/post"}],"author":[{"embeddable":true,"href":"https:\/\/saludextremadura.ses.es\/stadiccionextremadura\/wp-json\/wp\/v2\/users\/3"}],"replies":[{"embeddable":true,"href":"https:\/\/saludextremadura.ses.es\/stadiccionextremadura\/wp-json\/wp\/v2\/comments?post=5756"}],"version-history":[{"count":1,"href":"https:\/\/saludextremadura.ses.es\/stadiccionextremadura\/wp-json\/wp\/v2\/posts\/5756\/revisions"}],"predecessor-version":[{"id":5780,"href":"https:\/\/saludextremadura.ses.es\/stadiccionextremadura\/wp-json\/wp\/v2\/posts\/5756\/revisions\/5780"}],"wp:attachment":[{"href":"https:\/\/saludextremadura.ses.es\/stadiccionextremadura\/wp-json\/wp\/v2\/media?parent=5756"}],"wp:term":[{"taxonomy":"category","embeddable":true,"href":"https:\/\/saludextremadura.ses.es\/stadiccionextremadura\/wp-json\/wp\/v2\/categories?post=5756"},{"taxonomy":"post_tag","embeddable":true,"href":"https:\/\/saludextremadura.ses.es\/stadiccionextremadura\/wp-json\/wp\/v2\/tags?post=5756"}],"curies":[{"name":"wp","href":"https:\/\/api.w.org\/{rel}","templated":true}]}}