{"id":2982,"date":"2015-01-09T13:38:39","date_gmt":"2015-01-09T12:38:39","guid":{"rendered":"https:\/\/saludextremadura.ses.es\/stadiccionextremadura\/?p=2982"},"modified":"2015-01-09T13:38:39","modified_gmt":"2015-01-09T12:38:39","slug":"orden-de-26-de-noviembre-de-2014-por-la-que-se-convocan-subvenciones-para-el-ano-2015-destinadas-a-mancomunidades-y-ayuntamientos-para-la-realizacion-de-programas-de-prevencion-de-conductas-adictivas","status":"publish","type":"post","link":"https:\/\/saludextremadura.ses.es\/stadiccionextremadura\/orden-de-26-de-noviembre-de-2014-por-la-que-se-convocan-subvenciones-para-el-ano-2015-destinadas-a-mancomunidades-y-ayuntamientos-para-la-realizacion-de-programas-de-prevencion-de-conductas-adictivas\/","title":{"rendered":"Orden de 26 de noviembre de 2014 por la que se convocan subvenciones para el a\u00f1o 2015, destinadas a Mancomunidades y Ayuntamientos para la realizaci\u00f3n de programas de prevenci\u00f3n de conductas adictivas. DOE."},"content":{"rendered":"<p>En el siguiente enlace puede consultar la orden completa<\/p>\n<p><a href=\"http:\/\/doe.juntaex.es\/pdfs\/doe\/2014\/2440o\/14050275.pdf\">http:\/\/doe.juntaex.es\/pdfs\/doe\/2014\/2440o\/14050275.pdf<\/a><\/p>\n<!-- AddThis Advanced Settings generic via filter on the_content --><!-- AddThis Share Buttons generic via filter on the_content -->","protected":false},"excerpt":{"rendered":"<p>En el siguiente enlace puede consultar la orden completa http:\/\/doe.juntaex.es\/pdfs\/doe\/2014\/2440o\/14050275.pdf<!-- AddThis Advanced Settings generic via filter on get_the_excerpt --><!-- AddThis Share Buttons generic via filter on get_the_excerpt --><\/p>\n","protected":false},"author":3,"featured_media":0,"comment_status":"open","ping_status":"closed","sticky":false,"template":"","format":"standard","meta":[],"categories":[30,32],"tags":[],"_links":{"self":[{"href":"https:\/\/saludextremadura.ses.es\/stadiccionextremadura\/wp-json\/wp\/v2\/posts\/2982"}],"collection":[{"href":"https:\/\/saludextremadura.ses.es\/stadiccionextremadura\/wp-json\/wp\/v2\/posts"}],"about":[{"href":"https:\/\/saludextremadura.ses.es\/stadiccionextremadura\/wp-json\/wp\/v2\/types\/post"}],"author":[{"embeddable":true,"href":"https:\/\/saludextremadura.ses.es\/stadiccionextremadura\/wp-json\/wp\/v2\/users\/3"}],"replies":[{"embeddable":true,"href":"https:\/\/saludextremadura.ses.es\/stadiccionextremadura\/wp-json\/wp\/v2\/comments?post=2982"}],"version-history":[{"count":0,"href":"https:\/\/saludextremadura.ses.es\/stadiccionextremadura\/wp-json\/wp\/v2\/posts\/2982\/revisions"}],"wp:attachment":[{"href":"https:\/\/saludextremadura.ses.es\/stadiccionextremadura\/wp-json\/wp\/v2\/media?parent=2982"}],"wp:term":[{"taxonomy":"category","embeddable":true,"href":"https:\/\/saludextremadura.ses.es\/stadiccionextremadura\/wp-json\/wp\/v2\/categories?post=2982"},{"taxonomy":"post_tag","embeddable":true,"href":"https:\/\/saludextremadura.ses.es\/stadiccionextremadura\/wp-json\/wp\/v2\/tags?post=2982"}],"curies":[{"name":"wp","href":"https:\/\/api.w.org\/{rel}","templated":true}]}}