{"id":2323,"date":"2012-10-04T22:48:13","date_gmt":"2012-10-04T21:48:13","guid":{"rendered":"https:\/\/saludextremadura.ses.es\/stadiccionextremadura\/?p=2323"},"modified":"2012-10-04T22:48:13","modified_gmt":"2012-10-04T21:48:13","slug":"farmacos-mas-usados-en-drogodependencias-puesta-al-dia","status":"publish","type":"post","link":"https:\/\/saludextremadura.ses.es\/stadiccionextremadura\/farmacos-mas-usados-en-drogodependencias-puesta-al-dia\/","title":{"rendered":"F\u00e1rmacos m\u00e1s usados en drogodependencias. Puesta al d\u00eda."},"content":{"rendered":"<p style=\"text-align: left;\"><a href=\"https:\/\/saludextremadura.ses.es\/stadiccionextremadura\/archivos\/GU\u00cdA-FT-SOBRE-ADICCIONES-I.jpg\"><img decoding=\"async\" loading=\"lazy\" class=\"aligncenter  wp-image-2326\" title=\"Abordaje farmacoterap\u00e9utico para Equipos de Conductas Adictivas\" src=\"https:\/\/saludextremadura.ses.es\/stadiccionextremadura\/archivos\/GU\u00cdA-FT-SOBRE-ADICCIONES-I.jpg\" alt=\"\" width=\"538\" height=\"403\" srcset=\"https:\/\/saludextremadura.ses.es\/stadiccionextremadura\/archivos\/GU\u00cdA-FT-SOBRE-ADICCIONES-I.jpg 960w, https:\/\/saludextremadura.ses.es\/stadiccionextremadura\/archivos\/GU\u00cdA-FT-SOBRE-ADICCIONES-I-300x225.jpg 300w\" sizes=\"(max-width: 538px) 100vw, 538px\" \/><\/a>En la <strong>Escuela de Ciencias de la Salud y de la Atenci\u00f3n Social<\/strong> en Badajoz se ha celebrado el pasado d\u00eda 27\u00a0 de septiembre de 2012 el Taller <strong>\u00abF\u00e1rmacos m\u00e1s usados en drogodependencias. Puesta al d\u00eda\u00bb<\/strong>. El Taller ha sido impartido por <strong>Arancha Aranguez Ru\u00edz, Farmac\u00e9utica del \u00c1rea de Salud de M\u00e9rida, y Olga Ortiz Rodr\u00edguez, Farmac\u00e9utica del \u00c1rea de Salud de Badajoz-Llerena-Zafra<\/strong>, y coordinado por <strong>Urbano V\u00e1zquez Fern\u00e1ndez, m\u00e9dico y director de la CTLG de M\u00e9rida<\/strong>.<\/p>\n<p style=\"text-align: left;\">Programa<\/p>\n<p style=\"text-align: left;\">1.- <a title=\"Medicina basada en la evidencia y su utilidad en la toma de decisiones cl\u00ednicas\" href=\"http:\/\/www.slideshare.net\/fullscreen\/CTLG\/medicina-basada-evidencia\/1\" target=\"_blank\"><strong>Medicina basada en la evidencia (MBE) y su utilidad en la toma de decisiones cl\u00ednicas<\/strong><\/a><\/p>\n<p style=\"text-align: left;\">2.- <a title=\"Fuentes de informaci\u00f3n y b\u00fasquedas bibliogr\u00e1ficas\" href=\"http:\/\/www.slideshare.net\/fullscreen\/CTLG\/fuentes-de-informacin-y-busquedas\/1\" target=\"_blank\"><strong>Selecci\u00f3n de f\u00e1rmacos y b\u00fasqueda bibliogr\u00e1fica<\/strong><\/a><\/p>\n<p style=\"text-align: left;\">3.- <a title=\"Gu\u00eda farmacoterap\u00e9utica sobre adicciones (I)\" href=\"http:\/\/www.slideshare.net\/fullscreen\/CTLG\/gua-ft-sobre-adicciones-i-14561857\/1\" target=\"_blank\"><strong>Abordaje farmacoterap\u00e9utico de las drogodependencias m\u00e1s frecuentes (I). Coca\u00edna, drogas de s\u00edntesis y benzodiazepinas. Supuesto pr\u00e1ctico de BDZ.<\/strong><\/a><\/p>\n<p style=\"text-align: left;\">4.- <a title=\"Gu\u00eda farmacoterap\u00e9utica sobre adicciones (yII)\" href=\"http:\/\/www.slideshare.net\/fullscreen\/CTLG\/gua-ft-sobre-adicciones-ii\/1\" target=\"_blank\"><strong>Abordaje farmacoterap\u00e9utico de las drogodependencias m\u00e1s frecuentes (II). Alcohol, opi\u00e1ceos, cannabis y tabaco. Supuesto pr\u00e1ctico de OH.<\/strong><\/a><\/p>\n<p style=\"text-align: left;\">Podeis acceder a las presentaciones, en power point, clickando en el t\u00edtulo de las ponencias.<\/p>\n<!-- AddThis Advanced Settings generic via filter on the_content --><!-- AddThis Share Buttons generic via filter on the_content -->","protected":false},"excerpt":{"rendered":"<p>En la Escuela de Ciencias de la Salud y de la Atenci\u00f3n Social en Badajoz se ha celebrado el pasado d\u00eda 27\u00a0 de septiembre de 2012 el Taller \u00abF\u00e1rmacos m\u00e1s usados en drogodependencias. Puesta al d\u00eda\u00bb. El Taller ha sido impartido por Arancha Aranguez Ru\u00edz, Farmac\u00e9utica del \u00c1rea de Salud de M\u00e9rida, y Olga Ortiz [&hellip;]<!-- AddThis Advanced Settings generic via filter on get_the_excerpt --><!-- AddThis Share Buttons generic via filter on get_the_excerpt --><\/p>\n","protected":false},"author":15,"featured_media":0,"comment_status":"open","ping_status":"open","sticky":false,"template":"","format":"standard","meta":[],"categories":[1],"tags":[],"_links":{"self":[{"href":"https:\/\/saludextremadura.ses.es\/stadiccionextremadura\/wp-json\/wp\/v2\/posts\/2323"}],"collection":[{"href":"https:\/\/saludextremadura.ses.es\/stadiccionextremadura\/wp-json\/wp\/v2\/posts"}],"about":[{"href":"https:\/\/saludextremadura.ses.es\/stadiccionextremadura\/wp-json\/wp\/v2\/types\/post"}],"author":[{"embeddable":true,"href":"https:\/\/saludextremadura.ses.es\/stadiccionextremadura\/wp-json\/wp\/v2\/users\/15"}],"replies":[{"embeddable":true,"href":"https:\/\/saludextremadura.ses.es\/stadiccionextremadura\/wp-json\/wp\/v2\/comments?post=2323"}],"version-history":[{"count":0,"href":"https:\/\/saludextremadura.ses.es\/stadiccionextremadura\/wp-json\/wp\/v2\/posts\/2323\/revisions"}],"wp:attachment":[{"href":"https:\/\/saludextremadura.ses.es\/stadiccionextremadura\/wp-json\/wp\/v2\/media?parent=2323"}],"wp:term":[{"taxonomy":"category","embeddable":true,"href":"https:\/\/saludextremadura.ses.es\/stadiccionextremadura\/wp-json\/wp\/v2\/categories?post=2323"},{"taxonomy":"post_tag","embeddable":true,"href":"https:\/\/saludextremadura.ses.es\/stadiccionextremadura\/wp-json\/wp\/v2\/tags?post=2323"}],"curies":[{"name":"wp","href":"https:\/\/api.w.org\/{rel}","templated":true}]}}