{"id":7218,"date":"2024-03-25T16:53:03","date_gmt":"2024-03-25T15:53:03","guid":{"rendered":"https:\/\/saludextremadura.ses.es\/areasaludnavalmoral\/?p=7218"},"modified":"2024-03-25T16:57:51","modified_gmt":"2024-03-25T15:57:51","slug":"nueva-pagina-web-del-area-de-salud-de-navalmoral-de-la-mata","status":"publish","type":"post","link":"https:\/\/saludextremadura.ses.es\/areasaludnavalmoral\/2024\/03\/25\/nueva-pagina-web-del-area-de-salud-de-navalmoral-de-la-mata\/","title":{"rendered":"Nueva p\u00e1gina web del \u00c1rea de Salud de Navalmoral de la Mata\u202f"},"content":{"rendered":"\t\t<div data-elementor-type=\"wp-post\" data-elementor-id=\"7218\" class=\"elementor elementor-7218\">\n\t\t\t\t<div class=\"elementor-element elementor-element-7ce52f5 e-flex e-con-boxed wpr-particle-no wpr-jarallax-no wpr-parallax-no wpr-sticky-section-no e-con e-parent\" data-id=\"7ce52f5\" data-element_type=\"container\">\n\t\t\t\t\t<div class=\"e-con-inner\">\n\t\t\t\t<div class=\"elementor-element elementor-element-6658a34 elementor-widget elementor-widget-text-editor\" data-id=\"6658a34\" data-element_type=\"widget\" data-widget_type=\"text-editor.default\">\n\t\t\t\t<div class=\"elementor-widget-container\">\n\t\t\t<style>\/*! elementor - v3.21.0 - 26-05-2024 *\/\n.elementor-widget-text-editor.elementor-drop-cap-view-stacked .elementor-drop-cap{background-color:#69727d;color:#fff}.elementor-widget-text-editor.elementor-drop-cap-view-framed .elementor-drop-cap{color:#69727d;border:3px solid;background-color:transparent}.elementor-widget-text-editor:not(.elementor-drop-cap-view-default) .elementor-drop-cap{margin-top:8px}.elementor-widget-text-editor:not(.elementor-drop-cap-view-default) .elementor-drop-cap-letter{width:1em;height:1em}.elementor-widget-text-editor .elementor-drop-cap{float:left;text-align:center;line-height:1;font-size:50px}.elementor-widget-text-editor .elementor-drop-cap-letter{display:inline-block}<\/style>\t\t\t\t<p><span data-contrast=\"auto\">Nos complace anunciar con gran entusiasmo el lanzamiento de nuestra nueva p\u00e1gina web del \u00c1rea de Salud de Navalmoral de la Mata. Dise\u00f1ada pensando en ti, nuestro principal objetivo es brindarte acceso r\u00e1pido y f\u00e1cil a informaci\u00f3n \u00fatil sobre nosotros.\u202f\u202f<\/span><span data-ccp-props=\"{&quot;134233117&quot;:false,&quot;134233118&quot;:false,&quot;201341983&quot;:0,&quot;335551550&quot;:6,&quot;335551620&quot;:6,&quot;335559685&quot;:1410,&quot;335559738&quot;:0,&quot;335559739&quot;:0,&quot;335559740&quot;:240}\">\u00a0<\/span><\/p><p><span data-contrast=\"auto\">Podr\u00e1s encontrar detalles sobre los servicios que ofrecemos, horarios de atenci\u00f3n, y c\u00f3mo acceder a ellos de manera eficiente.\u202f<\/span><span data-ccp-props=\"{&quot;134233117&quot;:false,&quot;134233118&quot;:false,&quot;201341983&quot;:0,&quot;335551550&quot;:6,&quot;335551620&quot;:6,&quot;335559685&quot;:1410,&quot;335559738&quot;:0,&quot;335559739&quot;:0,&quot;335559740&quot;:240}\">\u00a0<\/span><\/p><p><span data-contrast=\"auto\">Tu salud es nuestra prioridad, y te invitamos cordialmente a explorar nuestra nueva p\u00e1gina web del \u00c1rea de Salud de Navalmoral de la Mata. \u00a1Vis\u00edtanos hoy mismo!\u202f<\/span><span data-ccp-props=\"{&quot;134233117&quot;:false,&quot;134233118&quot;:false,&quot;201341983&quot;:0,&quot;335551550&quot;:6,&quot;335551620&quot;:6,&quot;335559685&quot;:1410,&quot;335559738&quot;:0,&quot;335559739&quot;:0,&quot;335559740&quot;:240}\">\u00a0<\/span><\/p>\t\t\t\t\t\t<\/div>\n\t\t\t\t<\/div>\n\t\t\t\t\t<\/div>\n\t\t\t\t<\/div>\n\t\t\t\t<\/div>\n\t\t","protected":false},"excerpt":{"rendered":"<p>Nos complace anunciar con gran entusiasmo el lanzamiento de nuestra nueva p\u00e1gina web del \u00c1rea de Salud de Navalmoral de la Mata. Dise\u00f1ada pensando en ti, nuestro principal objetivo es brindarte acceso r\u00e1pido y f\u00e1cil a informaci\u00f3n \u00fatil sobre nosotros.\u202f\u202f\u00a0 Podr\u00e1s encontrar detalles sobre los servicios que ofrecemos, horarios de atenci\u00f3n, y c\u00f3mo acceder a [&hellip;]<\/p>\n","protected":false},"author":1,"featured_media":7219,"comment_status":"open","ping_status":"open","sticky":false,"template":"","format":"standard","meta":{"footnotes":""},"categories":[33,32,43,31,1],"tags":[],"_links":{"self":[{"href":"https:\/\/saludextremadura.ses.es\/areasaludnavalmoral\/wp-json\/wp\/v2\/posts\/7218"}],"collection":[{"href":"https:\/\/saludextremadura.ses.es\/areasaludnavalmoral\/wp-json\/wp\/v2\/posts"}],"about":[{"href":"https:\/\/saludextremadura.ses.es\/areasaludnavalmoral\/wp-json\/wp\/v2\/types\/post"}],"author":[{"embeddable":true,"href":"https:\/\/saludextremadura.ses.es\/areasaludnavalmoral\/wp-json\/wp\/v2\/users\/1"}],"replies":[{"embeddable":true,"href":"https:\/\/saludextremadura.ses.es\/areasaludnavalmoral\/wp-json\/wp\/v2\/comments?post=7218"}],"version-history":[{"count":4,"href":"https:\/\/saludextremadura.ses.es\/areasaludnavalmoral\/wp-json\/wp\/v2\/posts\/7218\/revisions"}],"predecessor-version":[{"id":7223,"href":"https:\/\/saludextremadura.ses.es\/areasaludnavalmoral\/wp-json\/wp\/v2\/posts\/7218\/revisions\/7223"}],"wp:featuredmedia":[{"embeddable":true,"href":"https:\/\/saludextremadura.ses.es\/areasaludnavalmoral\/wp-json\/wp\/v2\/media\/7219"}],"wp:attachment":[{"href":"https:\/\/saludextremadura.ses.es\/areasaludnavalmoral\/wp-json\/wp\/v2\/media?parent=7218"}],"wp:term":[{"taxonomy":"category","embeddable":true,"href":"https:\/\/saludextremadura.ses.es\/areasaludnavalmoral\/wp-json\/wp\/v2\/categories?post=7218"},{"taxonomy":"post_tag","embeddable":true,"href":"https:\/\/saludextremadura.ses.es\/areasaludnavalmoral\/wp-json\/wp\/v2\/tags?post=7218"}],"curies":[{"name":"wp","href":"https:\/\/api.w.org\/{rel}","templated":true}]}}