{"id":5206,"date":"2026-04-30T14:30:36","date_gmt":"2026-04-30T12:30:36","guid":{"rendered":"https:\/\/saludextremadura.ses.es\/areasaludllerena-zafra\/?p=5206"},"modified":"2026-04-30T14:38:26","modified_gmt":"2026-04-30T12:38:26","slug":"acto-de-graduacion-mir-y-eir","status":"publish","type":"post","link":"https:\/\/saludextremadura.ses.es\/areasaludllerena-zafra\/2026\/04\/30\/acto-de-graduacion-mir-y-eir\/","title":{"rendered":"Acto de Graduaci\u00f3n MIR y EIR"},"content":{"rendered":"\t\t<div data-elementor-type=\"wp-post\" data-elementor-id=\"5206\" class=\"elementor elementor-5206\">\n\t\t\t\t<div class=\"elementor-element elementor-element-2ea0ada6 e-flex e-con-boxed wpr-particle-no wpr-jarallax-no wpr-parallax-no wpr-sticky-section-no e-con e-parent\" data-id=\"2ea0ada6\" data-element_type=\"container\">\n\t\t\t\t\t<div class=\"e-con-inner\">\n\t\t\t\t<div class=\"elementor-element elementor-element-44f7b9ef elementor-widget elementor-widget-text-editor\" data-id=\"44f7b9ef\" data-element_type=\"widget\" data-widget_type=\"text-editor.default\">\n\t\t\t\t<div class=\"elementor-widget-container\">\n\t\t\t<style>\/*! elementor - v3.23.0 - 15-07-2024 *\/\n.elementor-widget-text-editor.elementor-drop-cap-view-stacked .elementor-drop-cap{background-color:#69727d;color:#fff}.elementor-widget-text-editor.elementor-drop-cap-view-framed .elementor-drop-cap{color:#69727d;border:3px solid;background-color:transparent}.elementor-widget-text-editor:not(.elementor-drop-cap-view-default) .elementor-drop-cap{margin-top:8px}.elementor-widget-text-editor:not(.elementor-drop-cap-view-default) .elementor-drop-cap-letter{width:1em;height:1em}.elementor-widget-text-editor .elementor-drop-cap{float:left;text-align:center;line-height:1;font-size:50px}.elementor-widget-text-editor .elementor-drop-cap-letter{display:inline-block}<\/style>\t\t\t\t<div dir=\"ltr\" data-olk-copy-source=\"MessageBody\">El \u00c1rea de Salud Llerena-Zafra celebrar\u00e1 el pr\u00f3ximo 7 de mayo el acto de despedida de los residentes MIR y EIR, una jornada muy especial dedicada a reconocer el esfuerzo, la dedicaci\u00f3n y el compromiso demostrado a lo largo de su formaci\u00f3n. El evento tendr\u00e1 lugar en el Museo de la Medicina de Zafra, un espacio emblem\u00e1tico que acoger\u00e1 este encuentro tan significativo.<\/div><div dir=\"ltr\">\u00a0<\/div><div>Bajo el lema \u201cSembrando ciencia, cosechando humanidad\u201d, el acto pondr\u00e1 en valor no solo la excelencia profesional alcanzada, sino tambi\u00e9n la vocaci\u00f3n y calidad humana que caracteriza a estos profesionales. Ser\u00e1 un momento para compartir experiencias, agradecer el acompa\u00f1amiento de tutores y compa\u00f1eros, y despedir una etapa clave que marca el inicio de un nuevo camino en su desarrollo profesional.<\/div>\t\t\t\t\t\t<\/div>\n\t\t\t\t<\/div>\n\t\t\t\t\t<\/div>\n\t\t\t\t<\/div>\n\t\t\t\t<\/div>\n\t\t","protected":false},"excerpt":{"rendered":"<p>El \u00c1rea de Salud Llerena-Zafra celebrar\u00e1 el pr\u00f3ximo 7 de mayo el acto de despedida de los residentes MIR y EIR, una jornada muy especial dedicada a reconocer el esfuerzo, la dedicaci\u00f3n y el compromiso demostrado a lo largo de su formaci\u00f3n. El evento tendr\u00e1 lugar en el Museo de la Medicina de Zafra, un espacio emblem\u00e1tico que acoger\u00e1 este encuentro tan significativo.\u00a0Bajo el lema \u201cSembrando ciencia, cosechando humanidad\u201d, el acto pondr\u00e1 en valor no solo la excelencia profesional alcanzada, sino tambi\u00e9n la vocaci\u00f3n y calidad humana que caracteriza a estos profesionales. Ser\u00e1 un momento para compartir experiencias, agradecer el acompa\u00f1amiento de tutores y compa\u00f1eros, y despedir una etapa clave que marca el inicio de un nuevo camino en su desarrollo profesional.<\/p>\n","protected":false},"author":3,"featured_media":5213,"comment_status":"open","ping_status":"open","sticky":false,"template":"","format":"standard","meta":{"footnotes":""},"categories":[10,11,12],"tags":[],"class_list":["post-5206","post","type-post","status-publish","format-standard","has-post-thumbnail","hentry","category-asistencial","category-docencia","category-formacion"],"_links":{"self":[{"href":"https:\/\/saludextremadura.ses.es\/areasaludllerena-zafra\/wp-json\/wp\/v2\/posts\/5206"}],"collection":[{"href":"https:\/\/saludextremadura.ses.es\/areasaludllerena-zafra\/wp-json\/wp\/v2\/posts"}],"about":[{"href":"https:\/\/saludextremadura.ses.es\/areasaludllerena-zafra\/wp-json\/wp\/v2\/types\/post"}],"author":[{"embeddable":true,"href":"https:\/\/saludextremadura.ses.es\/areasaludllerena-zafra\/wp-json\/wp\/v2\/users\/3"}],"replies":[{"embeddable":true,"href":"https:\/\/saludextremadura.ses.es\/areasaludllerena-zafra\/wp-json\/wp\/v2\/comments?post=5206"}],"version-history":[{"count":7,"href":"https:\/\/saludextremadura.ses.es\/areasaludllerena-zafra\/wp-json\/wp\/v2\/posts\/5206\/revisions"}],"predecessor-version":[{"id":5216,"href":"https:\/\/saludextremadura.ses.es\/areasaludllerena-zafra\/wp-json\/wp\/v2\/posts\/5206\/revisions\/5216"}],"wp:featuredmedia":[{"embeddable":true,"href":"https:\/\/saludextremadura.ses.es\/areasaludllerena-zafra\/wp-json\/wp\/v2\/media\/5213"}],"wp:attachment":[{"href":"https:\/\/saludextremadura.ses.es\/areasaludllerena-zafra\/wp-json\/wp\/v2\/media?parent=5206"}],"wp:term":[{"taxonomy":"category","embeddable":true,"href":"https:\/\/saludextremadura.ses.es\/areasaludllerena-zafra\/wp-json\/wp\/v2\/categories?post=5206"},{"taxonomy":"post_tag","embeddable":true,"href":"https:\/\/saludextremadura.ses.es\/areasaludllerena-zafra\/wp-json\/wp\/v2\/tags?post=5206"}],"curies":[{"name":"wp","href":"https:\/\/api.w.org\/{rel}","templated":true}]}}