{"id":5138,"date":"2026-04-21T09:11:39","date_gmt":"2026-04-21T07:11:39","guid":{"rendered":"https:\/\/saludextremadura.ses.es\/areasaludllerena-zafra\/?p=5138"},"modified":"2026-04-21T09:11:53","modified_gmt":"2026-04-21T07:11:53","slug":"celebramos-el-dia-de-la-atencion-primaria","status":"publish","type":"post","link":"https:\/\/saludextremadura.ses.es\/areasaludllerena-zafra\/2026\/04\/21\/celebramos-el-dia-de-la-atencion-primaria\/","title":{"rendered":"Celebramos el D\u00eda de la Atenci\u00f3n Primaria."},"content":{"rendered":"\t\t<div data-elementor-type=\"wp-post\" data-elementor-id=\"5138\" class=\"elementor elementor-5138\">\n\t\t\t\t<div class=\"elementor-element elementor-element-505ae11b e-flex e-con-boxed wpr-particle-no wpr-jarallax-no wpr-parallax-no wpr-sticky-section-no e-con e-parent\" data-id=\"505ae11b\" data-element_type=\"container\">\n\t\t\t\t\t<div class=\"e-con-inner\">\n\t\t\t\t<div class=\"elementor-element elementor-element-732b8ca5 elementor-widget elementor-widget-text-editor\" data-id=\"732b8ca5\" data-element_type=\"widget\" data-widget_type=\"text-editor.default\">\n\t\t\t\t<div class=\"elementor-widget-container\">\n\t\t\t<style>\/*! elementor - v3.23.0 - 15-07-2024 *\/\n.elementor-widget-text-editor.elementor-drop-cap-view-stacked .elementor-drop-cap{background-color:#69727d;color:#fff}.elementor-widget-text-editor.elementor-drop-cap-view-framed .elementor-drop-cap{color:#69727d;border:3px solid;background-color:transparent}.elementor-widget-text-editor:not(.elementor-drop-cap-view-default) .elementor-drop-cap{margin-top:8px}.elementor-widget-text-editor:not(.elementor-drop-cap-view-default) .elementor-drop-cap-letter{width:1em;height:1em}.elementor-widget-text-editor .elementor-drop-cap{float:left;text-align:center;line-height:1;font-size:50px}.elementor-widget-text-editor .elementor-drop-cap-letter{display:inline-block}<\/style>\t\t\t\t<div data-olk-copy-source=\"MessageBody\">La Atenci\u00f3n Primaria de la Salud cubre la mayor\u00eda de necesidades de salud de la persona a lo largo de su vida, esto incluye el bienestar f\u00edsico, mental y social. Es una atenci\u00f3n integral del paciente m\u00e1s que una atenci\u00f3n centrada en la enfermedad. Aborda la promoci\u00f3n de la salud, prevenci\u00f3n de enfermedades, tratamiento, rehabilitaci\u00f3n y cuidados paliativos. Especial relevancia tiene la Educaci\u00f3n para la Salud (EpS) cuyo objetivo es empoderar a pacientes, familias y comunidades en el cuidado de su salud.<\/div><div>\u00a0<\/div><div>En conmemoraci\u00f3n del d\u00eda de la Atenci\u00f3n Primaria, celebrado el pasado 12 de abril, desde el Equipo de Salud Comunitaria del \u00c1rea de Salud Llerena- Zafra, se han promovido diferentes acciones comunitarias durante el presente mes. Las actividades son coordinadas y desarrolladas por los Equipos de Atenci\u00f3n Primaria en los diferentes Centros de Salud del \u00c1rea, y est\u00e1n enfocadas principalmente a la poblaci\u00f3n en edad escolar y adaptadas a las necesidades que presenta cada territorio.<\/div><div>\u00a0<\/div><div>A continuaci\u00f3n, facilitamos la programaci\u00f3n realizada y\/o prevista en cada Zona de Salud participante, pudiendo quedar sujeta a cambios por necesidades organizativas.<\/div><div>\u00a0<\/div><div>Agradecemos la implicaci\u00f3n a cada uno de los profesionales sanitarios y personal no sanitario, la participaci\u00f3n del alumnado y de los Centros Educativos, adem\u00e1s de la colaboraci\u00f3n de diferentes entidades locales como Ayuntamientos, Asociaciones y Escuela Taller.<\/div>\t\t\t\t\t\t<\/div>\n\t\t\t\t<\/div>\n\t\t\t\t<div class=\"elementor-element elementor-element-52155767 elementor-widget elementor-widget-image-gallery\" data-id=\"52155767\" data-element_type=\"widget\" data-widget_type=\"image-gallery.default\">\n\t\t\t\t<div class=\"elementor-widget-container\">\n\t\t\t<style>.elementor-image-gallery .gallery-item{display:inline-block;text-align:center;vertical-align:top;width:100%;max-width:100%;margin:0 auto}.elementor-image-gallery .gallery-item img{margin:0 auto}.elementor-image-gallery .gallery-item .gallery-caption{margin:0}.elementor-image-gallery figure img{display:block}.elementor-image-gallery figure figcaption{width:100%}.gallery-spacing-custom .elementor-image-gallery .gallery-icon{padding:0}@media (min-width:768px){.elementor-image-gallery .gallery-columns-2 .gallery-item{max-width:50%}.elementor-image-gallery .gallery-columns-3 .gallery-item{max-width:33.33%}.elementor-image-gallery .gallery-columns-4 .gallery-item{max-width:25%}.elementor-image-gallery .gallery-columns-5 .gallery-item{max-width:20%}.elementor-image-gallery .gallery-columns-6 .gallery-item{max-width:16.666%}.elementor-image-gallery .gallery-columns-7 .gallery-item{max-width:14.28%}.elementor-image-gallery .gallery-columns-8 .gallery-item{max-width:12.5%}.elementor-image-gallery .gallery-columns-9 .gallery-item{max-width:11.11%}.elementor-image-gallery .gallery-columns-10 .gallery-item{max-width:10%}}@media (min-width:480px) and (max-width:767px){.elementor-image-gallery .gallery.gallery-columns-2 .gallery-item,.elementor-image-gallery .gallery.gallery-columns-3 .gallery-item,.elementor-image-gallery .gallery.gallery-columns-4 .gallery-item,.elementor-image-gallery .gallery.gallery-columns-5 .gallery-item,.elementor-image-gallery .gallery.gallery-columns-6 .gallery-item,.elementor-image-gallery .gallery.gallery-columns-7 .gallery-item,.elementor-image-gallery .gallery.gallery-columns-8 .gallery-item,.elementor-image-gallery .gallery.gallery-columns-9 .gallery-item,.elementor-image-gallery .gallery.gallery-columns-10 .gallery-item{max-width:50%}}@media (max-width:479px){.elementor-image-gallery .gallery.gallery-columns-2 .gallery-item,.elementor-image-gallery .gallery.gallery-columns-3 .gallery-item,.elementor-image-gallery .gallery.gallery-columns-4 .gallery-item,.elementor-image-gallery .gallery.gallery-columns-5 .gallery-item,.elementor-image-gallery .gallery.gallery-columns-6 .gallery-item,.elementor-image-gallery .gallery.gallery-columns-7 .gallery-item,.elementor-image-gallery .gallery.gallery-columns-8 .gallery-item,.elementor-image-gallery .gallery.gallery-columns-9 .gallery-item,.elementor-image-gallery .gallery.gallery-columns-10 .gallery-item{max-width:100%}}<\/style>\t\t<div class=\"elementor-image-gallery\">\n\t\t\t<div id='gallery-1' class='gallery galleryid-5138 gallery-columns-10 gallery-size-thumbnail'><figure class='gallery-item'>\n\t\t\t<div class='gallery-icon portrait'>\n\t\t\t\t<a data-elementor-open-lightbox=\"yes\" data-elementor-lightbox-slideshow=\"52155767\" data-elementor-lightbox-title=\"1. Cartel Los Santos\" data-e-action-hash=\"#elementor-action%3Aaction%3Dlightbox%26settings%3DeyJpZCI6NTEzOSwidXJsIjoiaHR0cHM6XC9cL3NhbHVkZXh0cmVtYWR1cmEuc2VzLmVzXC9hcmVhc2FsdWRsbGVyZW5hLXphZnJhXC93cC1jb250ZW50XC91cGxvYWRzXC8yMDI2XC8wNFwvMS4tQ2FydGVsLUxvcy1TYW50b3MuanBnIiwic2xpZGVzaG93IjoiNTIxNTU3NjcifQ%3D%3D\" href='https:\/\/saludextremadura.ses.es\/areasaludllerena-zafra\/wp-content\/uploads\/2026\/04\/1.-Cartel-Los-Santos.jpg'><img decoding=\"async\" width=\"150\" height=\"150\" src=\"https:\/\/saludextremadura.ses.es\/areasaludllerena-zafra\/wp-content\/uploads\/2026\/04\/1.-Cartel-Los-Santos-150x150.jpg\" class=\"attachment-thumbnail size-thumbnail\" alt=\"\" \/><\/a>\n\t\t\t<\/div><\/figure><figure class='gallery-item'>\n\t\t\t<div class='gallery-icon portrait'>\n\t\t\t\t<a data-elementor-open-lightbox=\"yes\" data-elementor-lightbox-slideshow=\"52155767\" data-elementor-lightbox-title=\"2. Cartel Los Santos 2_\" data-e-action-hash=\"#elementor-action%3Aaction%3Dlightbox%26settings%3DeyJpZCI6NTE0MCwidXJsIjoiaHR0cHM6XC9cL3NhbHVkZXh0cmVtYWR1cmEuc2VzLmVzXC9hcmVhc2FsdWRsbGVyZW5hLXphZnJhXC93cC1jb250ZW50XC91cGxvYWRzXC8yMDI2XC8wNFwvMi4tQ2FydGVsLUxvcy1TYW50b3MtMl8uanBnIiwic2xpZGVzaG93IjoiNTIxNTU3NjcifQ%3D%3D\" href='https:\/\/saludextremadura.ses.es\/areasaludllerena-zafra\/wp-content\/uploads\/2026\/04\/2.-Cartel-Los-Santos-2_.jpg'><img decoding=\"async\" width=\"150\" height=\"150\" src=\"https:\/\/saludextremadura.ses.es\/areasaludllerena-zafra\/wp-content\/uploads\/2026\/04\/2.-Cartel-Los-Santos-2_-150x150.jpg\" class=\"attachment-thumbnail size-thumbnail\" alt=\"\" \/><\/a>\n\t\t\t<\/div><\/figure><figure class='gallery-item'>\n\t\t\t<div class='gallery-icon portrait'>\n\t\t\t\t<a data-elementor-open-lightbox=\"yes\" data-elementor-lightbox-slideshow=\"52155767\" data-elementor-lightbox-title=\"3. Cartel Azuaga\" data-e-action-hash=\"#elementor-action%3Aaction%3Dlightbox%26settings%3DeyJpZCI6NTE0MSwidXJsIjoiaHR0cHM6XC9cL3NhbHVkZXh0cmVtYWR1cmEuc2VzLmVzXC9hcmVhc2FsdWRsbGVyZW5hLXphZnJhXC93cC1jb250ZW50XC91cGxvYWRzXC8yMDI2XC8wNFwvMy4tQ2FydGVsLUF6dWFnYS5qcGciLCJzbGlkZXNob3ciOiI1MjE1NTc2NyJ9\" href='https:\/\/saludextremadura.ses.es\/areasaludllerena-zafra\/wp-content\/uploads\/2026\/04\/3.-Cartel-Azuaga.jpg'><img decoding=\"async\" width=\"150\" height=\"150\" src=\"https:\/\/saludextremadura.ses.es\/areasaludllerena-zafra\/wp-content\/uploads\/2026\/04\/3.-Cartel-Azuaga-150x150.jpg\" class=\"attachment-thumbnail size-thumbnail\" alt=\"\" \/><\/a>\n\t\t\t<\/div><\/figure><figure class='gallery-item'>\n\t\t\t<div class='gallery-icon portrait'>\n\t\t\t\t<a data-elementor-open-lightbox=\"yes\" data-elementor-lightbox-slideshow=\"52155767\" data-elementor-lightbox-title=\"4. Cartel Zafra\" data-e-action-hash=\"#elementor-action%3Aaction%3Dlightbox%26settings%3DeyJpZCI6NTE0MiwidXJsIjoiaHR0cHM6XC9cL3NhbHVkZXh0cmVtYWR1cmEuc2VzLmVzXC9hcmVhc2FsdWRsbGVyZW5hLXphZnJhXC93cC1jb250ZW50XC91cGxvYWRzXC8yMDI2XC8wNFwvNC4tQ2FydGVsLVphZnJhLmpwZyIsInNsaWRlc2hvdyI6IjUyMTU1NzY3In0%3D\" href='https:\/\/saludextremadura.ses.es\/areasaludllerena-zafra\/wp-content\/uploads\/2026\/04\/4.-Cartel-Zafra.jpg'><img loading=\"lazy\" decoding=\"async\" width=\"150\" height=\"150\" src=\"https:\/\/saludextremadura.ses.es\/areasaludllerena-zafra\/wp-content\/uploads\/2026\/04\/4.-Cartel-Zafra-150x150.jpg\" class=\"attachment-thumbnail size-thumbnail\" alt=\"\" \/><\/a>\n\t\t\t<\/div><\/figure><figure class='gallery-item'>\n\t\t\t<div class='gallery-icon portrait'>\n\t\t\t\t<a data-elementor-open-lightbox=\"yes\" data-elementor-lightbox-slideshow=\"52155767\" data-elementor-lightbox-title=\"5. Cartel paseo de Zafra\" data-e-action-hash=\"#elementor-action%3Aaction%3Dlightbox%26settings%3DeyJpZCI6NTE0MywidXJsIjoiaHR0cHM6XC9cL3NhbHVkZXh0cmVtYWR1cmEuc2VzLmVzXC9hcmVhc2FsdWRsbGVyZW5hLXphZnJhXC93cC1jb250ZW50XC91cGxvYWRzXC8yMDI2XC8wNFwvNS4tQ2FydGVsLXBhc2VvLWRlLVphZnJhLmpwZyIsInNsaWRlc2hvdyI6IjUyMTU1NzY3In0%3D\" href='https:\/\/saludextremadura.ses.es\/areasaludllerena-zafra\/wp-content\/uploads\/2026\/04\/5.-Cartel-paseo-de-Zafra.jpg'><img loading=\"lazy\" decoding=\"async\" width=\"150\" height=\"150\" src=\"https:\/\/saludextremadura.ses.es\/areasaludllerena-zafra\/wp-content\/uploads\/2026\/04\/5.-Cartel-paseo-de-Zafra-150x150.jpg\" class=\"attachment-thumbnail size-thumbnail\" alt=\"\" \/><\/a>\n\t\t\t<\/div><\/figure><figure class='gallery-item'>\n\t\t\t<div class='gallery-icon portrait'>\n\t\t\t\t<a data-elementor-open-lightbox=\"yes\" data-elementor-lightbox-slideshow=\"52155767\" data-elementor-lightbox-title=\"6. Cartel Fuente de Cantos\" data-e-action-hash=\"#elementor-action%3Aaction%3Dlightbox%26settings%3DeyJpZCI6NTE0NCwidXJsIjoiaHR0cHM6XC9cL3NhbHVkZXh0cmVtYWR1cmEuc2VzLmVzXC9hcmVhc2FsdWRsbGVyZW5hLXphZnJhXC93cC1jb250ZW50XC91cGxvYWRzXC8yMDI2XC8wNFwvNi4tQ2FydGVsLUZ1ZW50ZS1kZS1DYW50b3MuanBnIiwic2xpZGVzaG93IjoiNTIxNTU3NjcifQ%3D%3D\" href='https:\/\/saludextremadura.ses.es\/areasaludllerena-zafra\/wp-content\/uploads\/2026\/04\/6.-Cartel-Fuente-de-Cantos.jpg'><img loading=\"lazy\" decoding=\"async\" width=\"150\" height=\"150\" src=\"https:\/\/saludextremadura.ses.es\/areasaludllerena-zafra\/wp-content\/uploads\/2026\/04\/6.-Cartel-Fuente-de-Cantos-150x150.jpg\" class=\"attachment-thumbnail size-thumbnail\" alt=\"\" \/><\/a>\n\t\t\t<\/div><\/figure><figure class='gallery-item'>\n\t\t\t<div class='gallery-icon portrait'>\n\t\t\t\t<a data-elementor-open-lightbox=\"yes\" data-elementor-lightbox-slideshow=\"52155767\" data-elementor-lightbox-title=\"7. Cartel Llerena\" data-e-action-hash=\"#elementor-action%3Aaction%3Dlightbox%26settings%3DeyJpZCI6NTE0NSwidXJsIjoiaHR0cHM6XC9cL3NhbHVkZXh0cmVtYWR1cmEuc2VzLmVzXC9hcmVhc2FsdWRsbGVyZW5hLXphZnJhXC93cC1jb250ZW50XC91cGxvYWRzXC8yMDI2XC8wNFwvNy4tQ2FydGVsLUxsZXJlbmEuanBnIiwic2xpZGVzaG93IjoiNTIxNTU3NjcifQ%3D%3D\" href='https:\/\/saludextremadura.ses.es\/areasaludllerena-zafra\/wp-content\/uploads\/2026\/04\/7.-Cartel-Llerena.jpg'><img loading=\"lazy\" decoding=\"async\" width=\"150\" height=\"150\" src=\"https:\/\/saludextremadura.ses.es\/areasaludllerena-zafra\/wp-content\/uploads\/2026\/04\/7.-Cartel-Llerena-150x150.jpg\" class=\"attachment-thumbnail size-thumbnail\" alt=\"\" \/><\/a>\n\t\t\t<\/div><\/figure><figure class='gallery-item'>\n\t\t\t<div class='gallery-icon landscape'>\n\t\t\t\t<a data-elementor-open-lightbox=\"yes\" data-elementor-lightbox-slideshow=\"52155767\" data-elementor-lightbox-title=\"8. Cartel Fregenal\" data-e-action-hash=\"#elementor-action%3Aaction%3Dlightbox%26settings%3DeyJpZCI6NTE0NiwidXJsIjoiaHR0cHM6XC9cL3NhbHVkZXh0cmVtYWR1cmEuc2VzLmVzXC9hcmVhc2FsdWRsbGVyZW5hLXphZnJhXC93cC1jb250ZW50XC91cGxvYWRzXC8yMDI2XC8wNFwvOC4tQ2FydGVsLUZyZWdlbmFsLnBuZyIsInNsaWRlc2hvdyI6IjUyMTU1NzY3In0%3D\" href='https:\/\/saludextremadura.ses.es\/areasaludllerena-zafra\/wp-content\/uploads\/2026\/04\/8.-Cartel-Fregenal.png'><img loading=\"lazy\" decoding=\"async\" width=\"150\" height=\"150\" src=\"https:\/\/saludextremadura.ses.es\/areasaludllerena-zafra\/wp-content\/uploads\/2026\/04\/8.-Cartel-Fregenal-150x150.png\" class=\"attachment-thumbnail size-thumbnail\" alt=\"\" \/><\/a>\n\t\t\t<\/div><\/figure><figure class='gallery-item'>\n\t\t\t<div class='gallery-icon portrait'>\n\t\t\t\t<a data-elementor-open-lightbox=\"yes\" data-elementor-lightbox-slideshow=\"52155767\" data-elementor-lightbox-title=\"9. Cartel Zafra II\" data-e-action-hash=\"#elementor-action%3Aaction%3Dlightbox%26settings%3DeyJpZCI6NTE0NywidXJsIjoiaHR0cHM6XC9cL3NhbHVkZXh0cmVtYWR1cmEuc2VzLmVzXC9hcmVhc2FsdWRsbGVyZW5hLXphZnJhXC93cC1jb250ZW50XC91cGxvYWRzXC8yMDI2XC8wNFwvOS4tQ2FydGVsLVphZnJhLUlJLnBuZyIsInNsaWRlc2hvdyI6IjUyMTU1NzY3In0%3D\" href='https:\/\/saludextremadura.ses.es\/areasaludllerena-zafra\/wp-content\/uploads\/2026\/04\/9.-Cartel-Zafra-II.png'><img loading=\"lazy\" decoding=\"async\" width=\"150\" height=\"150\" src=\"https:\/\/saludextremadura.ses.es\/areasaludllerena-zafra\/wp-content\/uploads\/2026\/04\/9.-Cartel-Zafra-II-150x150.png\" class=\"attachment-thumbnail size-thumbnail\" alt=\"\" \/><\/a>\n\t\t\t<\/div><\/figure><figure class='gallery-item'>\n\t\t\t<div class='gallery-icon portrait'>\n\t\t\t\t<a data-elementor-open-lightbox=\"yes\" data-elementor-lightbox-slideshow=\"52155767\" data-elementor-lightbox-title=\"10. Cartel Monesterio\" data-e-action-hash=\"#elementor-action%3Aaction%3Dlightbox%26settings%3DeyJpZCI6NTE0OCwidXJsIjoiaHR0cHM6XC9cL3NhbHVkZXh0cmVtYWR1cmEuc2VzLmVzXC9hcmVhc2FsdWRsbGVyZW5hLXphZnJhXC93cC1jb250ZW50XC91cGxvYWRzXC8yMDI2XC8wNFwvMTAuLUNhcnRlbC1Nb25lc3RlcmlvLmpwZyIsInNsaWRlc2hvdyI6IjUyMTU1NzY3In0%3D\" href='https:\/\/saludextremadura.ses.es\/areasaludllerena-zafra\/wp-content\/uploads\/2026\/04\/10.-Cartel-Monesterio.jpg'><img loading=\"lazy\" decoding=\"async\" width=\"150\" height=\"150\" src=\"https:\/\/saludextremadura.ses.es\/areasaludllerena-zafra\/wp-content\/uploads\/2026\/04\/10.-Cartel-Monesterio-150x150.jpg\" class=\"attachment-thumbnail size-thumbnail\" alt=\"\" \/><\/a>\n\t\t\t<\/div><\/figure>\n\t\t<\/div>\n\t\t<\/div>\n\t\t\t\t<\/div>\n\t\t\t\t<\/div>\n\t\t\t\t\t<\/div>\n\t\t\t\t<\/div>\n\t\t\t\t<\/div>\n\t\t","protected":false},"excerpt":{"rendered":"<p>La Atenci\u00f3n Primaria de la Salud cubre la mayor\u00eda de necesidades de salud de la persona a lo largo de su vida, esto incluye el bienestar f\u00edsico, mental y social. Es una atenci\u00f3n integral del paciente m\u00e1s que una atenci\u00f3n centrada en la enfermedad. Aborda la promoci\u00f3n de la salud, prevenci\u00f3n de enfermedades, tratamiento, rehabilitaci\u00f3n y cuidados paliativos. Especial relevancia tiene la Educaci\u00f3n para la Salud (EpS) cuyo objetivo es empoderar a pacientes, familias y comunidades en el cuidado de su salud.\u00a0En conmemoraci\u00f3n del d\u00eda de la Atenci\u00f3n Primaria, celebrado el pasado 12 de abril, desde el Equipo de Salud Comunitaria del \u00c1rea de Salud Llerena- Zafra, se han promovido diferentes acciones comunitarias durante el presente mes. Las actividades son coordinadas y desarrolladas por los Equipos de Atenci\u00f3n Primaria en los diferentes Centros de Salud del \u00c1rea, y est\u00e1n enfocadas principalmente a la poblaci\u00f3n en edad escolar y adaptadas a las necesidades que presenta cada territorio.\u00a0A continuaci\u00f3n, facilitamos la programaci\u00f3n realizada y\/o prevista en cada Zona de Salud participante, pudiendo quedar sujeta a cambios por necesidades organizativas.\u00a0Agradecemos la implicaci\u00f3n a cada uno de los profesionales sanitarios y personal no sanitario, la participaci\u00f3n del alumnado y de los Centros Educativos, adem\u00e1s de la colaboraci\u00f3n de diferentes entidades locales como Ayuntamientos, Asociaciones y Escuela Taller.<\/p>\n","protected":false},"author":3,"featured_media":5149,"comment_status":"open","ping_status":"open","sticky":false,"template":"","format":"standard","meta":{"footnotes":""},"categories":[10,11,20],"tags":[],"class_list":["post-5138","post","type-post","status-publish","format-standard","has-post-thumbnail","hentry","category-asistencial","category-docencia","category-salud_comunitaria"],"_links":{"self":[{"href":"https:\/\/saludextremadura.ses.es\/areasaludllerena-zafra\/wp-json\/wp\/v2\/posts\/5138"}],"collection":[{"href":"https:\/\/saludextremadura.ses.es\/areasaludllerena-zafra\/wp-json\/wp\/v2\/posts"}],"about":[{"href":"https:\/\/saludextremadura.ses.es\/areasaludllerena-zafra\/wp-json\/wp\/v2\/types\/post"}],"author":[{"embeddable":true,"href":"https:\/\/saludextremadura.ses.es\/areasaludllerena-zafra\/wp-json\/wp\/v2\/users\/3"}],"replies":[{"embeddable":true,"href":"https:\/\/saludextremadura.ses.es\/areasaludllerena-zafra\/wp-json\/wp\/v2\/comments?post=5138"}],"version-history":[{"count":7,"href":"https:\/\/saludextremadura.ses.es\/areasaludllerena-zafra\/wp-json\/wp\/v2\/posts\/5138\/revisions"}],"predecessor-version":[{"id":5156,"href":"https:\/\/saludextremadura.ses.es\/areasaludllerena-zafra\/wp-json\/wp\/v2\/posts\/5138\/revisions\/5156"}],"wp:featuredmedia":[{"embeddable":true,"href":"https:\/\/saludextremadura.ses.es\/areasaludllerena-zafra\/wp-json\/wp\/v2\/media\/5149"}],"wp:attachment":[{"href":"https:\/\/saludextremadura.ses.es\/areasaludllerena-zafra\/wp-json\/wp\/v2\/media?parent=5138"}],"wp:term":[{"taxonomy":"category","embeddable":true,"href":"https:\/\/saludextremadura.ses.es\/areasaludllerena-zafra\/wp-json\/wp\/v2\/categories?post=5138"},{"taxonomy":"post_tag","embeddable":true,"href":"https:\/\/saludextremadura.ses.es\/areasaludllerena-zafra\/wp-json\/wp\/v2\/tags?post=5138"}],"curies":[{"name":"wp","href":"https:\/\/api.w.org\/{rel}","templated":true}]}}