{"id":5992,"date":"2026-08-27T13:20:01","date_gmt":"2026-08-27T11:20:01","guid":{"rendered":"https:\/\/saludextremadura.ses.es\/areasaludcoria\/?p=5992"},"modified":"2026-08-27T13:20:28","modified_gmt":"2026-08-27T11:20:28","slug":"el-area-de-salud-de-coria-finalista-en-los-premios-new-medical-economics-2026-por-su-proyecto-de-humanizacion-en-cancer-de-mama","status":"publish","type":"post","link":"https:\/\/saludextremadura.ses.es\/areasaludcoria\/el-area-de-salud-de-coria-finalista-en-los-premios-new-medical-economics-2026-por-su-proyecto-de-humanizacion-en-cancer-de-mama\/","title":{"rendered":"El \u00c1rea de Salud de Coria, finalista en los Premios New Medical Economics 2026, por su proyecto de Humanizaci\u00f3n en C\u00e1ncer de Mama."},"content":{"rendered":"\t\t<div data-elementor-type=\"wp-post\" data-elementor-id=\"5992\" class=\"elementor elementor-5992\">\n\t\t\t\t<div class=\"elementor-element elementor-element-59be90e e-flex e-con-boxed wpr-particle-no wpr-jarallax-no wpr-parallax-no wpr-sticky-section-no e-con e-parent\" data-id=\"59be90e\" data-element_type=\"container\">\n\t\t\t\t\t<div class=\"e-con-inner\">\n\t\t\t\t<div class=\"elementor-element elementor-element-f9e1a82 elementor-widget elementor-widget-text-editor\" data-id=\"f9e1a82\" data-element_type=\"widget\" data-widget_type=\"text-editor.default\">\n\t\t\t\t<div class=\"elementor-widget-container\">\n\t\t\t\t\t\t\t<p>\u00a0 \u00a0El \u00c1rea de Salud de Coria ha sido seleccionada como finalista en los <strong>Premios New Medical Economics 2026<\/strong>, en la categor\u00eda de Mejor Labor de <strong>Humanizaci\u00f3n Sanitaria<\/strong>, gracias a la candidatura<strong>\u201cAqu\u00ed florecemos juntas: Estrategia integral de humanizaci\u00f3n y acompa\u00f1amiento en c\u00e1ncer de mama\u201d<\/strong>. Esta iniciativa reconoce una forma diferente de entender la atenci\u00f3n sanitaria, situando a la mujer y a su entorno en el centro del proceso asistencial.<\/p><p>\u00a0 \u00a0El proyecto ha sido desarrollado mediante una amplia colaboraci\u00f3n entre profesionales de Atenci\u00f3n Primaria, Ginecolog\u00eda, Oncolog\u00eda, Cirug\u00eda, Enfermer\u00eda, Psicolog\u00eda Cl\u00ednica y Trabajo Social, junto con la participaci\u00f3n activa de pacientes y familiares. Asimismo, han colaborado la Asociaci\u00f3n Oncol\u00f3gica Extreme\u00f1a (AOEX), la Asociaci\u00f3n Espa\u00f1ola Contra el C\u00e1ncer (AECC), FundeSalud, los Ayuntamientos de Coria y Moraleja y diversas entidades colaboradoras del territorio.<\/p><p>\u00a0 \u00a0La estrategia integra un programa estable de acompa\u00f1amiento emocional y autoayuda dirigido a mujeres con c\u00e1ncer de mama y supervivientes de la enfermedad. A trav\u00e9s de encuentros grupales peri\u00f3dicos se han creado espacios de escucha, apoyo mutuo y crecimiento personal donde las participantes han podido compartir experiencias, afrontar sus miedos y fortalecer herramientas para mejorar su bienestar emocional y calidad de vida.<\/p><p>\u00a0 \u00a0Entre las actividades desarrolladas destacan talleres de autocuidado, gesti\u00f3n emocional, mindfulness, arteterapia, escritura terap\u00e9utica, risoterapia, musicoterapia, relajaci\u00f3n, marcha n\u00f3rdica, maquillaje terap\u00e9utico y tiro con arco terap\u00e9utico, configurando una intervenci\u00f3n innovadora que complementa la atenci\u00f3n sanitaria convencional y favorece la recuperaci\u00f3n integral de las pacientes.<\/p><p>\u00a0 \u00a0Como parte de esta estrategia se celebraron las I Jornadas de Humanizaci\u00f3n en C\u00e1ncer de Mama \u201cHablemos sobre el c\u00e1ncer de mama a pie de calle\u201d, reconocidas de inter\u00e9s sanitario por la Consejer\u00eda de Salud y Servicios Sociales de Extremadura. Estas jornadas representaron una apuesta decidida por acercar la humanizaci\u00f3n sanitaria a la ciudadan\u00eda, eliminando barreras entre profesionales y pacientes y dando voz a las experiencias reales de mujeres que conviven o han convivido con la enfermedad<\/p><p>\u00a0 \u00a0Las jornadas reunieron a profesionales sanitarios, asociaciones de pacientes, supervivientes y familiares, abordando aspectos tan relevantes como el impacto emocional del c\u00e1ncer de mama, las secuelas de los tratamientos, el bienestar psicol\u00f3gico, la nutrici\u00f3n, la imagen corporal, el autocuidado o la importancia de las redes de apoyo.<\/p><p>\u00a0 \u00a0Especial relevancia tuvieron los testimonios compartidos por pacientes y familiares, que constituyeron el eje central de una iniciativa concebida para escuchar, comprender y acompa\u00f1ar.<\/p><p>\u00a0 \u00a0La selecci\u00f3n de esta candidatura como finalista nacional supone un importante reconocimiento al compromiso de los profesionales del \u00c1rea de Salud de Coria con una atenci\u00f3n m\u00e1s cercana, emp\u00e1tica y centrada en la persona. Tambi\u00e9n pone en valor el papel de las asociaciones de pacientes y de la comunidad como aliados fundamentales para construir una sanidad m\u00e1s humana y participativa.<\/p><p><strong>\u00a0 \u00a0\u201cAqu\u00ed florecemos juntas\u201d<\/strong> demuestra que la atenci\u00f3n al c\u00e1ncer de mama va mucho m\u00e1s all\u00e1 del tratamiento de la enfermedad y que el acompa\u00f1amiento emocional, el apoyo entre iguales y la participaci\u00f3n comunitaria son herramientas esenciales para mejorar la experiencia y la calidad de vida de las pacientes<\/p><p><em><strong>Apoya nuestra candidatura<\/strong><\/em><\/p><p>El periodo de votaci\u00f3n de los Premios New Medical Economics 2026 ya est\u00e1 abierto. Cada voto ayuda a visibilizar iniciativas que mejoran la calidad de vida de nuestros pacientes y refuerzan el compromiso de nuestra organizaci\u00f3n con la humanizaci\u00f3n de la asistencia sanitaria<\/p><p><a href=\"https:\/\/newmedicaleconomics.es\/registro-votacion-premios-nme-2026\/\"><span style=\"color: #3366ff;\"><em><strong> https:\/\/newmedicaleconomics.es\/registro-votacion-premios-nme-2026\/<\/strong><\/em><\/span><\/a><\/p><p><strong>\u00c1rea de Salud de Coria<\/strong><\/p><p><strong>Servicio Extreme\u00f1o de Salud<\/strong><\/p>\t\t\t\t\t\t<\/div>\n\t\t\t\t<\/div>\n\t\t\t\t<div class=\"elementor-element elementor-element-0279431 elementor-widget elementor-widget-image-gallery\" data-id=\"0279431\" data-element_type=\"widget\" data-widget_type=\"image-gallery.default\">\n\t\t\t\t<div class=\"elementor-widget-container\">\n\t\t\t\t\t<div class=\"elementor-image-gallery\">\n\t\t\t<div id='gallery-1' class='gallery galleryid-5992 gallery-columns-4 gallery-size-thumbnail'><figure class='gallery-item'>\n\t\t\t<div class='gallery-icon portrait'>\n\t\t\t\t<a data-elementor-open-lightbox=\"yes\" data-elementor-lightbox-slideshow=\"0279431\" data-elementor-lightbox-title=\"FB_IMG_1784669177900\" data-e-action-hash=\"#elementor-action%3Aaction%3Dlightbox%26settings%3DeyJpZCI6NTk0OSwidXJsIjoiaHR0cHM6XC9cL3NhbHVkZXh0cmVtYWR1cmEuc2VzLmVzXC9hcmVhc2FsdWRjb3JpYVwvd3AtY29udGVudFwvdXBsb2Fkc1wvMjAyNlwvMDhcL0ZCX0lNR18xNzg0NjY5MTc3OTAwLmpwZyIsInNsaWRlc2hvdyI6IjAyNzk0MzEifQ%3D%3D\" href='https:\/\/saludextremadura.ses.es\/areasaludcoria\/wp-content\/uploads\/2026\/08\/FB_IMG_1784669177900.jpg'><img decoding=\"async\" width=\"150\" height=\"150\" src=\"https:\/\/saludextremadura.ses.es\/areasaludcoria\/wp-content\/uploads\/2026\/08\/FB_IMG_1784669177900-150x150.jpg\" class=\"attachment-thumbnail size-thumbnail\" alt=\"\" \/><\/a>\n\t\t\t<\/div><\/figure><figure class='gallery-item'>\n\t\t\t<div class='gallery-icon landscape'>\n\t\t\t\t<a data-elementor-open-lightbox=\"yes\" data-elementor-lightbox-slideshow=\"0279431\" data-elementor-lightbox-title=\"FB_IMG_1784669114543\" data-e-action-hash=\"#elementor-action%3Aaction%3Dlightbox%26settings%3DeyJpZCI6NTk0MSwidXJsIjoiaHR0cHM6XC9cL3NhbHVkZXh0cmVtYWR1cmEuc2VzLmVzXC9hcmVhc2FsdWRjb3JpYVwvd3AtY29udGVudFwvdXBsb2Fkc1wvMjAyNlwvMDhcL0ZCX0lNR18xNzg0NjY5MTE0NTQzLmpwZyIsInNsaWRlc2hvdyI6IjAyNzk0MzEifQ%3D%3D\" href='https:\/\/saludextremadura.ses.es\/areasaludcoria\/wp-content\/uploads\/2026\/08\/FB_IMG_1784669114543.jpg'><img decoding=\"async\" width=\"150\" height=\"150\" src=\"https:\/\/saludextremadura.ses.es\/areasaludcoria\/wp-content\/uploads\/2026\/08\/FB_IMG_1784669114543-150x150.jpg\" class=\"attachment-thumbnail size-thumbnail\" alt=\"\" srcset=\"https:\/\/saludextremadura.ses.es\/areasaludcoria\/wp-content\/uploads\/2026\/08\/FB_IMG_1784669114543-150x150.jpg 150w, https:\/\/saludextremadura.ses.es\/areasaludcoria\/wp-content\/uploads\/2026\/08\/FB_IMG_1784669114543-300x300.jpg 300w, https:\/\/saludextremadura.ses.es\/areasaludcoria\/wp-content\/uploads\/2026\/08\/FB_IMG_1784669114543-768x768.jpg 768w, https:\/\/saludextremadura.ses.es\/areasaludcoria\/wp-content\/uploads\/2026\/08\/FB_IMG_1784669114543.jpg 899w\" sizes=\"(max-width: 150px) 100vw, 150px\" \/><\/a>\n\t\t\t<\/div><\/figure><figure class='gallery-item'>\n\t\t\t<div class='gallery-icon landscape'>\n\t\t\t\t<a data-elementor-open-lightbox=\"yes\" data-elementor-lightbox-slideshow=\"0279431\" data-elementor-lightbox-title=\"FB_IMG_1784669132495\" data-e-action-hash=\"#elementor-action%3Aaction%3Dlightbox%26settings%3DeyJpZCI6NTk0MiwidXJsIjoiaHR0cHM6XC9cL3NhbHVkZXh0cmVtYWR1cmEuc2VzLmVzXC9hcmVhc2FsdWRjb3JpYVwvd3AtY29udGVudFwvdXBsb2Fkc1wvMjAyNlwvMDhcL0ZCX0lNR18xNzg0NjY5MTMyNDk1LmpwZyIsInNsaWRlc2hvdyI6IjAyNzk0MzEifQ%3D%3D\" href='https:\/\/saludextremadura.ses.es\/areasaludcoria\/wp-content\/uploads\/2026\/08\/FB_IMG_1784669132495.jpg'><img decoding=\"async\" width=\"150\" height=\"150\" src=\"https:\/\/saludextremadura.ses.es\/areasaludcoria\/wp-content\/uploads\/2026\/08\/FB_IMG_1784669132495-150x150.jpg\" class=\"attachment-thumbnail size-thumbnail\" alt=\"\" srcset=\"https:\/\/saludextremadura.ses.es\/areasaludcoria\/wp-content\/uploads\/2026\/08\/FB_IMG_1784669132495-150x150.jpg 150w, https:\/\/saludextremadura.ses.es\/areasaludcoria\/wp-content\/uploads\/2026\/08\/FB_IMG_1784669132495-300x300.jpg 300w, https:\/\/saludextremadura.ses.es\/areasaludcoria\/wp-content\/uploads\/2026\/08\/FB_IMG_1784669132495-1024x1024.jpg 1024w, https:\/\/saludextremadura.ses.es\/areasaludcoria\/wp-content\/uploads\/2026\/08\/FB_IMG_1784669132495-768x768.jpg 768w, https:\/\/saludextremadura.ses.es\/areasaludcoria\/wp-content\/uploads\/2026\/08\/FB_IMG_1784669132495.jpg 1080w\" sizes=\"(max-width: 150px) 100vw, 150px\" \/><\/a>\n\t\t\t<\/div><\/figure><figure class='gallery-item'>\n\t\t\t<div class='gallery-icon landscape'>\n\t\t\t\t<a data-elementor-open-lightbox=\"yes\" data-elementor-lightbox-slideshow=\"0279431\" data-elementor-lightbox-title=\"FB_IMG_1784669137259\" data-e-action-hash=\"#elementor-action%3Aaction%3Dlightbox%26settings%3DeyJpZCI6NTk0MywidXJsIjoiaHR0cHM6XC9cL3NhbHVkZXh0cmVtYWR1cmEuc2VzLmVzXC9hcmVhc2FsdWRjb3JpYVwvd3AtY29udGVudFwvdXBsb2Fkc1wvMjAyNlwvMDhcL0ZCX0lNR18xNzg0NjY5MTM3MjU5LmpwZyIsInNsaWRlc2hvdyI6IjAyNzk0MzEifQ%3D%3D\" href='https:\/\/saludextremadura.ses.es\/areasaludcoria\/wp-content\/uploads\/2026\/08\/FB_IMG_1784669137259.jpg'><img loading=\"lazy\" decoding=\"async\" width=\"150\" height=\"150\" src=\"https:\/\/saludextremadura.ses.es\/areasaludcoria\/wp-content\/uploads\/2026\/08\/FB_IMG_1784669137259-150x150.jpg\" class=\"attachment-thumbnail size-thumbnail\" alt=\"\" srcset=\"https:\/\/saludextremadura.ses.es\/areasaludcoria\/wp-content\/uploads\/2026\/08\/FB_IMG_1784669137259-150x150.jpg 150w, https:\/\/saludextremadura.ses.es\/areasaludcoria\/wp-content\/uploads\/2026\/08\/FB_IMG_1784669137259-300x300.jpg 300w, https:\/\/saludextremadura.ses.es\/areasaludcoria\/wp-content\/uploads\/2026\/08\/FB_IMG_1784669137259-1024x1024.jpg 1024w, https:\/\/saludextremadura.ses.es\/areasaludcoria\/wp-content\/uploads\/2026\/08\/FB_IMG_1784669137259-768x768.jpg 768w, https:\/\/saludextremadura.ses.es\/areasaludcoria\/wp-content\/uploads\/2026\/08\/FB_IMG_1784669137259.jpg 1080w\" sizes=\"(max-width: 150px) 100vw, 150px\" \/><\/a>\n\t\t\t<\/div><\/figure><figure class='gallery-item'>\n\t\t\t<div class='gallery-icon landscape'>\n\t\t\t\t<a data-elementor-open-lightbox=\"yes\" data-elementor-lightbox-slideshow=\"0279431\" data-elementor-lightbox-title=\"FB_IMG_1784669143483\" data-e-action-hash=\"#elementor-action%3Aaction%3Dlightbox%26settings%3DeyJpZCI6NTk0NCwidXJsIjoiaHR0cHM6XC9cL3NhbHVkZXh0cmVtYWR1cmEuc2VzLmVzXC9hcmVhc2FsdWRjb3JpYVwvd3AtY29udGVudFwvdXBsb2Fkc1wvMjAyNlwvMDhcL0ZCX0lNR18xNzg0NjY5MTQzNDgzLmpwZyIsInNsaWRlc2hvdyI6IjAyNzk0MzEifQ%3D%3D\" href='https:\/\/saludextremadura.ses.es\/areasaludcoria\/wp-content\/uploads\/2026\/08\/FB_IMG_1784669143483.jpg'><img loading=\"lazy\" decoding=\"async\" width=\"150\" height=\"150\" src=\"https:\/\/saludextremadura.ses.es\/areasaludcoria\/wp-content\/uploads\/2026\/08\/FB_IMG_1784669143483-150x150.jpg\" class=\"attachment-thumbnail size-thumbnail\" alt=\"\" srcset=\"https:\/\/saludextremadura.ses.es\/areasaludcoria\/wp-content\/uploads\/2026\/08\/FB_IMG_1784669143483-150x150.jpg 150w, https:\/\/saludextremadura.ses.es\/areasaludcoria\/wp-content\/uploads\/2026\/08\/FB_IMG_1784669143483-300x300.jpg 300w, https:\/\/saludextremadura.ses.es\/areasaludcoria\/wp-content\/uploads\/2026\/08\/FB_IMG_1784669143483.jpg 663w\" sizes=\"(max-width: 150px) 100vw, 150px\" \/><\/a>\n\t\t\t<\/div><\/figure><figure class='gallery-item'>\n\t\t\t<div class='gallery-icon landscape'>\n\t\t\t\t<a data-elementor-open-lightbox=\"yes\" data-elementor-lightbox-slideshow=\"0279431\" data-elementor-lightbox-title=\"FB_IMG_1784668933866\" data-e-action-hash=\"#elementor-action%3Aaction%3Dlightbox%26settings%3DeyJpZCI6NTkzMCwidXJsIjoiaHR0cHM6XC9cL3NhbHVkZXh0cmVtYWR1cmEuc2VzLmVzXC9hcmVhc2FsdWRjb3JpYVwvd3AtY29udGVudFwvdXBsb2Fkc1wvMjAyNlwvMDhcL0ZCX0lNR18xNzg0NjY4OTMzODY2LmpwZyIsInNsaWRlc2hvdyI6IjAyNzk0MzEifQ%3D%3D\" href='https:\/\/saludextremadura.ses.es\/areasaludcoria\/wp-content\/uploads\/2026\/08\/FB_IMG_1784668933866.jpg'><img loading=\"lazy\" decoding=\"async\" width=\"150\" height=\"150\" src=\"https:\/\/saludextremadura.ses.es\/areasaludcoria\/wp-content\/uploads\/2026\/08\/FB_IMG_1784668933866-150x150.jpg\" class=\"attachment-thumbnail size-thumbnail\" alt=\"\" srcset=\"https:\/\/saludextremadura.ses.es\/areasaludcoria\/wp-content\/uploads\/2026\/08\/FB_IMG_1784668933866-150x150.jpg 150w, https:\/\/saludextremadura.ses.es\/areasaludcoria\/wp-content\/uploads\/2026\/08\/FB_IMG_1784668933866-300x300.jpg 300w, https:\/\/saludextremadura.ses.es\/areasaludcoria\/wp-content\/uploads\/2026\/08\/FB_IMG_1784668933866-1024x1024.jpg 1024w, https:\/\/saludextremadura.ses.es\/areasaludcoria\/wp-content\/uploads\/2026\/08\/FB_IMG_1784668933866-768x768.jpg 768w, https:\/\/saludextremadura.ses.es\/areasaludcoria\/wp-content\/uploads\/2026\/08\/FB_IMG_1784668933866.jpg 1080w\" sizes=\"(max-width: 150px) 100vw, 150px\" \/><\/a>\n\t\t\t<\/div><\/figure><figure class='gallery-item'>\n\t\t\t<div class='gallery-icon landscape'>\n\t\t\t\t<a data-elementor-open-lightbox=\"yes\" data-elementor-lightbox-slideshow=\"0279431\" data-elementor-lightbox-title=\"FB_IMG_1784669017114\" data-e-action-hash=\"#elementor-action%3Aaction%3Dlightbox%26settings%3DeyJpZCI6NTkzNSwidXJsIjoiaHR0cHM6XC9cL3NhbHVkZXh0cmVtYWR1cmEuc2VzLmVzXC9hcmVhc2FsdWRjb3JpYVwvd3AtY29udGVudFwvdXBsb2Fkc1wvMjAyNlwvMDhcL0ZCX0lNR18xNzg0NjY5MDE3MTE0LmpwZyIsInNsaWRlc2hvdyI6IjAyNzk0MzEifQ%3D%3D\" href='https:\/\/saludextremadura.ses.es\/areasaludcoria\/wp-content\/uploads\/2026\/08\/FB_IMG_1784669017114.jpg'><img loading=\"lazy\" decoding=\"async\" width=\"150\" height=\"150\" src=\"https:\/\/saludextremadura.ses.es\/areasaludcoria\/wp-content\/uploads\/2026\/08\/FB_IMG_1784669017114-150x150.jpg\" class=\"attachment-thumbnail size-thumbnail\" alt=\"\" srcset=\"https:\/\/saludextremadura.ses.es\/areasaludcoria\/wp-content\/uploads\/2026\/08\/FB_IMG_1784669017114-150x150.jpg 150w, https:\/\/saludextremadura.ses.es\/areasaludcoria\/wp-content\/uploads\/2026\/08\/FB_IMG_1784669017114-300x300.jpg 300w, https:\/\/saludextremadura.ses.es\/areasaludcoria\/wp-content\/uploads\/2026\/08\/FB_IMG_1784669017114-1024x1024.jpg 1024w, https:\/\/saludextremadura.ses.es\/areasaludcoria\/wp-content\/uploads\/2026\/08\/FB_IMG_1784669017114-768x768.jpg 768w, https:\/\/saludextremadura.ses.es\/areasaludcoria\/wp-content\/uploads\/2026\/08\/FB_IMG_1784669017114.jpg 1080w\" sizes=\"(max-width: 150px) 100vw, 150px\" \/><\/a>\n\t\t\t<\/div><\/figure><figure class='gallery-item'>\n\t\t\t<div class='gallery-icon landscape'>\n\t\t\t\t<a data-elementor-open-lightbox=\"yes\" data-elementor-lightbox-slideshow=\"0279431\" data-elementor-lightbox-title=\"FB_IMG_1784668914828\" data-e-action-hash=\"#elementor-action%3Aaction%3Dlightbox%26settings%3DeyJpZCI6NTkyOCwidXJsIjoiaHR0cHM6XC9cL3NhbHVkZXh0cmVtYWR1cmEuc2VzLmVzXC9hcmVhc2FsdWRjb3JpYVwvd3AtY29udGVudFwvdXBsb2Fkc1wvMjAyNlwvMDhcL0ZCX0lNR18xNzg0NjY4OTE0ODI4LmpwZyIsInNsaWRlc2hvdyI6IjAyNzk0MzEifQ%3D%3D\" href='https:\/\/saludextremadura.ses.es\/areasaludcoria\/wp-content\/uploads\/2026\/08\/FB_IMG_1784668914828.jpg'><img loading=\"lazy\" decoding=\"async\" width=\"150\" height=\"150\" src=\"https:\/\/saludextremadura.ses.es\/areasaludcoria\/wp-content\/uploads\/2026\/08\/FB_IMG_1784668914828-150x150.jpg\" class=\"attachment-thumbnail size-thumbnail\" alt=\"\" srcset=\"https:\/\/saludextremadura.ses.es\/areasaludcoria\/wp-content\/uploads\/2026\/08\/FB_IMG_1784668914828-150x150.jpg 150w, https:\/\/saludextremadura.ses.es\/areasaludcoria\/wp-content\/uploads\/2026\/08\/FB_IMG_1784668914828-300x300.jpg 300w, https:\/\/saludextremadura.ses.es\/areasaludcoria\/wp-content\/uploads\/2026\/08\/FB_IMG_1784668914828-1024x1024.jpg 1024w, https:\/\/saludextremadura.ses.es\/areasaludcoria\/wp-content\/uploads\/2026\/08\/FB_IMG_1784668914828-768x768.jpg 768w, https:\/\/saludextremadura.ses.es\/areasaludcoria\/wp-content\/uploads\/2026\/08\/FB_IMG_1784668914828.jpg 1080w\" sizes=\"(max-width: 150px) 100vw, 150px\" \/><\/a>\n\t\t\t<\/div><\/figure><figure class='gallery-item'>\n\t\t\t<div class='gallery-icon landscape'>\n\t\t\t\t<a data-elementor-open-lightbox=\"yes\" data-elementor-lightbox-slideshow=\"0279431\" data-elementor-lightbox-title=\"FB_IMG_1784668921532\" data-e-action-hash=\"#elementor-action%3Aaction%3Dlightbox%26settings%3DeyJpZCI6NTkyOSwidXJsIjoiaHR0cHM6XC9cL3NhbHVkZXh0cmVtYWR1cmEuc2VzLmVzXC9hcmVhc2FsdWRjb3JpYVwvd3AtY29udGVudFwvdXBsb2Fkc1wvMjAyNlwvMDhcL0ZCX0lNR18xNzg0NjY4OTIxNTMyLmpwZyIsInNsaWRlc2hvdyI6IjAyNzk0MzEifQ%3D%3D\" href='https:\/\/saludextremadura.ses.es\/areasaludcoria\/wp-content\/uploads\/2026\/08\/FB_IMG_1784668921532.jpg'><img loading=\"lazy\" decoding=\"async\" width=\"150\" height=\"150\" src=\"https:\/\/saludextremadura.ses.es\/areasaludcoria\/wp-content\/uploads\/2026\/08\/FB_IMG_1784668921532-150x150.jpg\" class=\"attachment-thumbnail size-thumbnail\" alt=\"\" srcset=\"https:\/\/saludextremadura.ses.es\/areasaludcoria\/wp-content\/uploads\/2026\/08\/FB_IMG_1784668921532-150x150.jpg 150w, https:\/\/saludextremadura.ses.es\/areasaludcoria\/wp-content\/uploads\/2026\/08\/FB_IMG_1784668921532-300x300.jpg 300w, https:\/\/saludextremadura.ses.es\/areasaludcoria\/wp-content\/uploads\/2026\/08\/FB_IMG_1784668921532-1024x1024.jpg 1024w, https:\/\/saludextremadura.ses.es\/areasaludcoria\/wp-content\/uploads\/2026\/08\/FB_IMG_1784668921532-768x768.jpg 768w, https:\/\/saludextremadura.ses.es\/areasaludcoria\/wp-content\/uploads\/2026\/08\/FB_IMG_1784668921532.jpg 1080w\" sizes=\"(max-width: 150px) 100vw, 150px\" \/><\/a>\n\t\t\t<\/div><\/figure><figure class='gallery-item'>\n\t\t\t<div class='gallery-icon landscape'>\n\t\t\t\t<a data-elementor-open-lightbox=\"yes\" data-elementor-lightbox-slideshow=\"0279431\" data-elementor-lightbox-title=\"FB_IMG_1784669057040\" data-e-action-hash=\"#elementor-action%3Aaction%3Dlightbox%26settings%3DeyJpZCI6NTkzOCwidXJsIjoiaHR0cHM6XC9cL3NhbHVkZXh0cmVtYWR1cmEuc2VzLmVzXC9hcmVhc2FsdWRjb3JpYVwvd3AtY29udGVudFwvdXBsb2Fkc1wvMjAyNlwvMDhcL0ZCX0lNR18xNzg0NjY5MDU3MDQwLmpwZyIsInNsaWRlc2hvdyI6IjAyNzk0MzEifQ%3D%3D\" href='https:\/\/saludextremadura.ses.es\/areasaludcoria\/wp-content\/uploads\/2026\/08\/FB_IMG_1784669057040.jpg'><img loading=\"lazy\" decoding=\"async\" width=\"150\" height=\"150\" src=\"https:\/\/saludextremadura.ses.es\/areasaludcoria\/wp-content\/uploads\/2026\/08\/FB_IMG_1784669057040-150x150.jpg\" class=\"attachment-thumbnail size-thumbnail\" alt=\"\" \/><\/a>\n\t\t\t<\/div><\/figure><figure class='gallery-item'>\n\t\t\t<div class='gallery-icon landscape'>\n\t\t\t\t<a data-elementor-open-lightbox=\"yes\" data-elementor-lightbox-slideshow=\"0279431\" data-elementor-lightbox-title=\"FB_IMG_1784669035052\" data-e-action-hash=\"#elementor-action%3Aaction%3Dlightbox%26settings%3DeyJpZCI6NTkzNiwidXJsIjoiaHR0cHM6XC9cL3NhbHVkZXh0cmVtYWR1cmEuc2VzLmVzXC9hcmVhc2FsdWRjb3JpYVwvd3AtY29udGVudFwvdXBsb2Fkc1wvMjAyNlwvMDhcL0ZCX0lNR18xNzg0NjY5MDM1MDUyLmpwZyIsInNsaWRlc2hvdyI6IjAyNzk0MzEifQ%3D%3D\" href='https:\/\/saludextremadura.ses.es\/areasaludcoria\/wp-content\/uploads\/2026\/08\/FB_IMG_1784669035052.jpg'><img loading=\"lazy\" decoding=\"async\" width=\"150\" height=\"150\" src=\"https:\/\/saludextremadura.ses.es\/areasaludcoria\/wp-content\/uploads\/2026\/08\/FB_IMG_1784669035052-150x150.jpg\" class=\"attachment-thumbnail size-thumbnail\" alt=\"\" srcset=\"https:\/\/saludextremadura.ses.es\/areasaludcoria\/wp-content\/uploads\/2026\/08\/FB_IMG_1784669035052-150x150.jpg 150w, https:\/\/saludextremadura.ses.es\/areasaludcoria\/wp-content\/uploads\/2026\/08\/FB_IMG_1784669035052-300x300.jpg 300w, https:\/\/saludextremadura.ses.es\/areasaludcoria\/wp-content\/uploads\/2026\/08\/FB_IMG_1784669035052-1024x1024.jpg 1024w, https:\/\/saludextremadura.ses.es\/areasaludcoria\/wp-content\/uploads\/2026\/08\/FB_IMG_1784669035052-768x768.jpg 768w, https:\/\/saludextremadura.ses.es\/areasaludcoria\/wp-content\/uploads\/2026\/08\/FB_IMG_1784669035052.jpg 1080w\" sizes=\"(max-width: 150px) 100vw, 150px\" \/><\/a>\n\t\t\t<\/div><\/figure><figure class='gallery-item'>\n\t\t\t<div class='gallery-icon landscape'>\n\t\t\t\t<a data-elementor-open-lightbox=\"yes\" data-elementor-lightbox-slideshow=\"0279431\" data-elementor-lightbox-title=\"FB_IMG_1784669061486\" data-e-action-hash=\"#elementor-action%3Aaction%3Dlightbox%26settings%3DeyJpZCI6NTkzOSwidXJsIjoiaHR0cHM6XC9cL3NhbHVkZXh0cmVtYWR1cmEuc2VzLmVzXC9hcmVhc2FsdWRjb3JpYVwvd3AtY29udGVudFwvdXBsb2Fkc1wvMjAyNlwvMDhcL0ZCX0lNR18xNzg0NjY5MDYxNDg2LmpwZyIsInNsaWRlc2hvdyI6IjAyNzk0MzEifQ%3D%3D\" href='https:\/\/saludextremadura.ses.es\/areasaludcoria\/wp-content\/uploads\/2026\/08\/FB_IMG_1784669061486.jpg'><img loading=\"lazy\" decoding=\"async\" width=\"150\" height=\"150\" src=\"https:\/\/saludextremadura.ses.es\/areasaludcoria\/wp-content\/uploads\/2026\/08\/FB_IMG_1784669061486-150x150.jpg\" class=\"attachment-thumbnail size-thumbnail\" alt=\"\" \/><\/a>\n\t\t\t<\/div><\/figure><figure class='gallery-item'>\n\t\t\t<div class='gallery-icon landscape'>\n\t\t\t\t<a data-elementor-open-lightbox=\"yes\" data-elementor-lightbox-slideshow=\"0279431\" data-elementor-lightbox-title=\"FB_IMG_1784669070747\" data-e-action-hash=\"#elementor-action%3Aaction%3Dlightbox%26settings%3DeyJpZCI6NTk0MCwidXJsIjoiaHR0cHM6XC9cL3NhbHVkZXh0cmVtYWR1cmEuc2VzLmVzXC9hcmVhc2FsdWRjb3JpYVwvd3AtY29udGVudFwvdXBsb2Fkc1wvMjAyNlwvMDhcL0ZCX0lNR18xNzg0NjY5MDcwNzQ3LmpwZyIsInNsaWRlc2hvdyI6IjAyNzk0MzEifQ%3D%3D\" href='https:\/\/saludextremadura.ses.es\/areasaludcoria\/wp-content\/uploads\/2026\/08\/FB_IMG_1784669070747.jpg'><img loading=\"lazy\" decoding=\"async\" width=\"150\" height=\"150\" src=\"https:\/\/saludextremadura.ses.es\/areasaludcoria\/wp-content\/uploads\/2026\/08\/FB_IMG_1784669070747-150x150.jpg\" class=\"attachment-thumbnail size-thumbnail\" alt=\"\" \/><\/a>\n\t\t\t<\/div><\/figure>\n\t\t<\/div>\n\t\t<\/div>\n\t\t\t\t<\/div>\n\t\t\t\t<\/div>\n\t\t\t\t\t<\/div>\n\t\t\t\t<\/div>\n\t\t\t\t<\/div>\n\t\t","protected":false},"excerpt":{"rendered":"<p>\u00a0 \u00a0El \u00c1rea de Salud de Coria ha sido seleccionada como finalista en los Premios New Medical Economics 2026, en la categor\u00eda de Mejor Labor de Humanizaci\u00f3n Sanitaria, gracias a la candidatura\u201cAqu\u00ed florecemos juntas: Estrategia integral de humanizaci\u00f3n y acompa\u00f1amiento en c\u00e1ncer de mama\u201d. Esta iniciativa reconoce una forma diferente de entender la atenci\u00f3n sanitaria, situando a la mujer y a su entorno en el centro del proceso asistencial. \u00a0 \u00a0El proyecto ha sido desarrollado mediante una amplia colaboraci\u00f3n entre profesionales de Atenci\u00f3n Primaria, Ginecolog\u00eda, Oncolog\u00eda, Cirug\u00eda, Enfermer\u00eda, Psicolog\u00eda Cl\u00ednica y Trabajo Social, junto con la participaci\u00f3n activa de pacientes y familiares. Asimismo, han colaborado la Asociaci\u00f3n Oncol\u00f3gica Extreme\u00f1a (AOEX), la Asociaci\u00f3n Espa\u00f1ola Contra el C\u00e1ncer (AECC), FundeSalud, los Ayuntamientos de Coria y Moraleja y diversas entidades colaboradoras del territorio. \u00a0 \u00a0La estrategia integra un programa estable de acompa\u00f1amiento emocional y autoayuda dirigido a mujeres con c\u00e1ncer de mama y supervivientes de la enfermedad. A trav\u00e9s de encuentros grupales peri\u00f3dicos se han creado espacios de escucha, apoyo mutuo y crecimiento personal donde las participantes han podido compartir experiencias, afrontar sus miedos y fortalecer herramientas para mejorar su bienestar emocional y calidad de vida. \u00a0 \u00a0Entre las actividades desarrolladas destacan talleres de autocuidado, gesti\u00f3n emocional, mindfulness, arteterapia, escritura terap\u00e9utica, risoterapia, musicoterapia, relajaci\u00f3n, marcha n\u00f3rdica, maquillaje terap\u00e9utico y tiro con arco terap\u00e9utico, configurando una intervenci\u00f3n innovadora que complementa la atenci\u00f3n sanitaria convencional y favorece la recuperaci\u00f3n integral de las pacientes. \u00a0 \u00a0Como parte de esta estrategia se celebraron las I Jornadas de Humanizaci\u00f3n en C\u00e1ncer de Mama \u201cHablemos sobre el c\u00e1ncer de mama a pie de calle\u201d, reconocidas de inter\u00e9s sanitario por la Consejer\u00eda de Salud y Servicios Sociales de Extremadura. Estas jornadas representaron una apuesta decidida por acercar la humanizaci\u00f3n sanitaria a la ciudadan\u00eda, eliminando barreras entre profesionales y pacientes y dando voz a las experiencias reales de mujeres que conviven o han convivido con la enfermedad \u00a0 \u00a0Las jornadas reunieron a profesionales sanitarios, asociaciones de pacientes, supervivientes y familiares, abordando aspectos tan relevantes como el impacto emocional del c\u00e1ncer de mama, las secuelas de los tratamientos, el bienestar psicol\u00f3gico, la nutrici\u00f3n, la imagen corporal, el autocuidado o la importancia de las redes de apoyo. \u00a0 \u00a0Especial relevancia tuvieron los testimonios compartidos por pacientes y familiares, que constituyeron el eje central de una iniciativa concebida para escuchar, comprender y acompa\u00f1ar. \u00a0 \u00a0La selecci\u00f3n de esta candidatura como finalista nacional supone un importante reconocimiento al compromiso de los profesionales del \u00c1rea de Salud de Coria con una atenci\u00f3n m\u00e1s cercana, emp\u00e1tica y centrada en la persona. Tambi\u00e9n pone en valor el papel de las asociaciones de pacientes y de la comunidad como aliados fundamentales para construir una sanidad m\u00e1s humana y participativa. \u00a0 \u00a0\u201cAqu\u00ed florecemos juntas\u201d demuestra que la atenci\u00f3n al c\u00e1ncer de mama va mucho m\u00e1s all\u00e1 del tratamiento de la enfermedad y que el acompa\u00f1amiento emocional, el apoyo entre iguales y la participaci\u00f3n comunitaria son herramientas esenciales para mejorar la experiencia y la calidad de vida de las pacientes Apoya nuestra candidatura El periodo de votaci\u00f3n de los Premios New Medical Economics 2026 ya est\u00e1 abierto. Cada voto ayuda a visibilizar iniciativas que mejoran la calidad de vida de nuestros pacientes y refuerzan el compromiso de nuestra organizaci\u00f3n con la humanizaci\u00f3n de la asistencia sanitaria https:\/\/newmedicaleconomics.es\/registro-votacion-premios-nme-2026\/ \u00c1rea de Salud de Coria Servicio Extreme\u00f1o de Salud<\/p>\n","protected":false},"author":5,"featured_media":5948,"comment_status":"open","ping_status":"open","sticky":false,"template":"","format":"standard","meta":{"footnotes":""},"categories":[13,12,10],"tags":[],"class_list":["post-5992","post","type-post","status-publish","format-standard","has-post-thumbnail","hentry","category-asistencial","category-calidad","category-docencia"],"_links":{"self":[{"href":"https:\/\/saludextremadura.ses.es\/areasaludcoria\/wp-json\/wp\/v2\/posts\/5992"}],"collection":[{"href":"https:\/\/saludextremadura.ses.es\/areasaludcoria\/wp-json\/wp\/v2\/posts"}],"about":[{"href":"https:\/\/saludextremadura.ses.es\/areasaludcoria\/wp-json\/wp\/v2\/types\/post"}],"author":[{"embeddable":true,"href":"https:\/\/saludextremadura.ses.es\/areasaludcoria\/wp-json\/wp\/v2\/users\/5"}],"replies":[{"embeddable":true,"href":"https:\/\/saludextremadura.ses.es\/areasaludcoria\/wp-json\/wp\/v2\/comments?post=5992"}],"version-history":[{"count":19,"href":"https:\/\/saludextremadura.ses.es\/areasaludcoria\/wp-json\/wp\/v2\/posts\/5992\/revisions"}],"predecessor-version":[{"id":6012,"href":"https:\/\/saludextremadura.ses.es\/areasaludcoria\/wp-json\/wp\/v2\/posts\/5992\/revisions\/6012"}],"wp:featuredmedia":[{"embeddable":true,"href":"https:\/\/saludextremadura.ses.es\/areasaludcoria\/wp-json\/wp\/v2\/media\/5948"}],"wp:attachment":[{"href":"https:\/\/saludextremadura.ses.es\/areasaludcoria\/wp-json\/wp\/v2\/media?parent=5992"}],"wp:term":[{"taxonomy":"category","embeddable":true,"href":"https:\/\/saludextremadura.ses.es\/areasaludcoria\/wp-json\/wp\/v2\/categories?post=5992"},{"taxonomy":"post_tag","embeddable":true,"href":"https:\/\/saludextremadura.ses.es\/areasaludcoria\/wp-json\/wp\/v2\/tags?post=5992"}],"curies":[{"name":"wp","href":"https:\/\/api.w.org\/{rel}","templated":true}]}}