{"id":5974,"date":"2026-08-27T11:44:52","date_gmt":"2026-08-27T09:44:52","guid":{"rendered":"https:\/\/saludextremadura.ses.es\/areasaludcoria\/?p=5974"},"modified":"2026-08-27T11:48:17","modified_gmt":"2026-08-27T09:48:17","slug":"la-unidad-docente-de-atencion-familiar-y-comunitaria-de-coria-impulsa-el-taller-salud-4-0-para-residentes-mir-y-eir","status":"publish","type":"post","link":"https:\/\/saludextremadura.ses.es\/areasaludcoria\/la-unidad-docente-de-atencion-familiar-y-comunitaria-de-coria-impulsa-el-taller-salud-4-0-para-residentes-mir-y-eir\/","title":{"rendered":"La Unidad Docente de Atenci\u00f3n Familiar y Comunitaria de Coria impulsa el taller \u201cSalud 4.0\u201d para residentes MIR y EIR."},"content":{"rendered":"<p>\u00a0 \u00a0 La Unidad Docente de Atenci\u00f3n Familiar y Comunitaria (AFyC) de Coria organiz\u00f3 el taller \u201cSalud 4.0\u201d, una actividad formativa dirigida a residentes MIR y EIR, que se desarrollar\u00e1 en las instalaciones del Circular FAB de Coria, espacio dedicado a la innovaci\u00f3n y al acercamiento de las nuevas tecnolog\u00edas.<\/p>\n<p>\u00a0 \u00a0 El taller celebrado el 19 de agosto aproxim\u00f3 la innovaci\u00f3n tecnol\u00f3gica a la pr\u00e1ctica sanitaria, ofreciendo a los futuros especialistas la oportunidad de conocer y experimentar con herramientas como la inteligencia artificial, la fabricaci\u00f3n digital, la impresi\u00f3n 3D y otras tecnolog\u00edas emergentes, explorando sus posibles aplicaciones en la asistencia, la prevenci\u00f3n, la promoci\u00f3n de la salud y los cuidados.<\/p>\n<p>\u00a0 \u00a0 \u201cSalud 4.0\u201d plantea una formaci\u00f3n eminentemente pr\u00e1ctica, creando un punto de encuentro entre tecnolog\u00eda, innovaci\u00f3n y Atenci\u00f3n Familiar y Comunitaria, y fomentando entre los residentes una mirada creativa hacia los nuevos retos del sistema sanitario.<\/p>\n<p>\u00a0 \u00a0 \u00a0Con esta iniciativa, la Unidad Docente de AFyC de Coria contin\u00faa apostando por una formaci\u00f3n de residentes MIR y EIR que, adem\u00e1s de las competencias cl\u00ednicas y comunitarias, incorpore la innovaci\u00f3n y las nuevas tecnolog\u00edas como herramientas para mejorar la atenci\u00f3n y los cuidados de la poblaci\u00f3n.<\/p>\n<p>\t\t\t\t\t\t\t\t\t\t\t\t\t\t<a href=\"https:\/\/saludextremadura.ses.es\/areasaludcoria\/wp-content\/uploads\/2026\/08\/IMG_5538-scaled.jpeg\" data-elementor-open-lightbox=\"yes\" data-elementor-lightbox-title=\"IMG_5538\" data-e-action-hash=\"#elementor-action%3Aaction%3Dlightbox%26settings%3DeyJpZCI6NTk3OCwidXJsIjoiaHR0cHM6XC9cL3NhbHVkZXh0cmVtYWR1cmEuc2VzLmVzXC9hcmVhc2FsdWRjb3JpYVwvd3AtY29udGVudFwvdXBsb2Fkc1wvMjAyNlwvMDhcL0lNR181NTM4LXNjYWxlZC5qcGVnIn0%3D\"><br \/>\n\t\t\t\t\t\t\t<img fetchpriority=\"high\" decoding=\"async\" width=\"960\" height=\"720\" src=\"https:\/\/saludextremadura.ses.es\/areasaludcoria\/wp-content\/uploads\/2026\/08\/IMG_5538-1024x768.jpeg\" alt=\"\" srcset=\"https:\/\/saludextremadura.ses.es\/areasaludcoria\/wp-content\/uploads\/2026\/08\/IMG_5538-1024x768.jpeg 1024w, https:\/\/saludextremadura.ses.es\/areasaludcoria\/wp-content\/uploads\/2026\/08\/IMG_5538-300x225.jpeg 300w, https:\/\/saludextremadura.ses.es\/areasaludcoria\/wp-content\/uploads\/2026\/08\/IMG_5538-768x576.jpeg 768w, https:\/\/saludextremadura.ses.es\/areasaludcoria\/wp-content\/uploads\/2026\/08\/IMG_5538-1536x1152.jpeg 1536w, https:\/\/saludextremadura.ses.es\/areasaludcoria\/wp-content\/uploads\/2026\/08\/IMG_5538-2048x1536.jpeg 2048w\" sizes=\"(max-width: 960px) 100vw, 960px\" \/>\t\t\t\t\t\t\t\t<\/a><br \/>\n\t\t\t\t\t\t\t\t\t\t\t\t\t\t<a href=\"https:\/\/saludextremadura.ses.es\/areasaludcoria\/wp-content\/uploads\/2026\/08\/IMG_5520-scaled.jpeg\" data-elementor-open-lightbox=\"yes\" data-elementor-lightbox-title=\"IMG_5520\" data-e-action-hash=\"#elementor-action%3Aaction%3Dlightbox%26settings%3DeyJpZCI6NTk3NiwidXJsIjoiaHR0cHM6XC9cL3NhbHVkZXh0cmVtYWR1cmEuc2VzLmVzXC9hcmVhc2FsdWRjb3JpYVwvd3AtY29udGVudFwvdXBsb2Fkc1wvMjAyNlwvMDhcL0lNR181NTIwLXNjYWxlZC5qcGVnIn0%3D\"><br \/>\n\t\t\t\t\t\t\t<img decoding=\"async\" width=\"960\" height=\"720\" src=\"https:\/\/saludextremadura.ses.es\/areasaludcoria\/wp-content\/uploads\/2026\/08\/IMG_5520-1024x768.jpeg\" alt=\"\" srcset=\"https:\/\/saludextremadura.ses.es\/areasaludcoria\/wp-content\/uploads\/2026\/08\/IMG_5520-1024x768.jpeg 1024w, https:\/\/saludextremadura.ses.es\/areasaludcoria\/wp-content\/uploads\/2026\/08\/IMG_5520-300x225.jpeg 300w, https:\/\/saludextremadura.ses.es\/areasaludcoria\/wp-content\/uploads\/2026\/08\/IMG_5520-768x576.jpeg 768w, https:\/\/saludextremadura.ses.es\/areasaludcoria\/wp-content\/uploads\/2026\/08\/IMG_5520-1536x1152.jpeg 1536w, https:\/\/saludextremadura.ses.es\/areasaludcoria\/wp-content\/uploads\/2026\/08\/IMG_5520-2048x1536.jpeg 2048w\" sizes=\"(max-width: 960px) 100vw, 960px\" \/>\t\t\t\t\t\t\t\t<\/a><br \/>\n\t\t\t\t\t\t\t\t\t\t\t\t\t\t<a href=\"https:\/\/saludextremadura.ses.es\/areasaludcoria\/wp-content\/uploads\/2026\/08\/IMG_5518-scaled.jpeg\" data-elementor-open-lightbox=\"yes\" data-elementor-lightbox-title=\"IMG_5518\" data-e-action-hash=\"#elementor-action%3Aaction%3Dlightbox%26settings%3DeyJpZCI6NTk3NSwidXJsIjoiaHR0cHM6XC9cL3NhbHVkZXh0cmVtYWR1cmEuc2VzLmVzXC9hcmVhc2FsdWRjb3JpYVwvd3AtY29udGVudFwvdXBsb2Fkc1wvMjAyNlwvMDhcL0lNR181NTE4LXNjYWxlZC5qcGVnIn0%3D\"><br \/>\n\t\t\t\t\t\t\t<img decoding=\"async\" width=\"960\" height=\"720\" src=\"https:\/\/saludextremadura.ses.es\/areasaludcoria\/wp-content\/uploads\/2026\/08\/IMG_5518-1024x768.jpeg\" alt=\"\" srcset=\"https:\/\/saludextremadura.ses.es\/areasaludcoria\/wp-content\/uploads\/2026\/08\/IMG_5518-1024x768.jpeg 1024w, https:\/\/saludextremadura.ses.es\/areasaludcoria\/wp-content\/uploads\/2026\/08\/IMG_5518-300x225.jpeg 300w, https:\/\/saludextremadura.ses.es\/areasaludcoria\/wp-content\/uploads\/2026\/08\/IMG_5518-768x576.jpeg 768w, https:\/\/saludextremadura.ses.es\/areasaludcoria\/wp-content\/uploads\/2026\/08\/IMG_5518-1536x1152.jpeg 1536w, https:\/\/saludextremadura.ses.es\/areasaludcoria\/wp-content\/uploads\/2026\/08\/IMG_5518-2048x1536.jpeg 2048w\" sizes=\"(max-width: 960px) 100vw, 960px\" \/>\t\t\t\t\t\t\t\t<\/a><\/p>\n","protected":false},"excerpt":{"rendered":"<p>\u00a0 \u00a0 La Unidad Docente de Atenci\u00f3n Familiar y Comunitaria (AFyC) de Coria organiz\u00f3 el taller \u201cSalud 4.0\u201d, una actividad formativa dirigida a residentes MIR y EIR, que se desarrollar\u00e1 en las instalaciones del Circular FAB de Coria, espacio dedicado a la innovaci\u00f3n y al acercamiento de las nuevas tecnolog\u00edas. \u00a0 \u00a0 El taller celebrado el 19 de agosto aproxim\u00f3 la innovaci\u00f3n tecnol\u00f3gica a la pr\u00e1ctica sanitaria, ofreciendo a los futuros especialistas la oportunidad de conocer y experimentar con herramientas como la inteligencia artificial, la fabricaci\u00f3n digital, la impresi\u00f3n 3D y otras tecnolog\u00edas emergentes, explorando sus posibles aplicaciones en la asistencia, la prevenci\u00f3n, la promoci\u00f3n de la salud y los cuidados. \u00a0 \u00a0 \u201cSalud 4.0\u201d plantea una formaci\u00f3n eminentemente pr\u00e1ctica, creando un punto de encuentro entre tecnolog\u00eda, innovaci\u00f3n y Atenci\u00f3n Familiar y Comunitaria, y fomentando entre los residentes una mirada creativa hacia los nuevos retos del sistema sanitario. \u00a0 \u00a0 \u00a0Con esta iniciativa, la Unidad Docente de AFyC de Coria contin\u00faa apostando por una formaci\u00f3n de residentes MIR y EIR que, adem\u00e1s de las competencias cl\u00ednicas y comunitarias, incorpore la innovaci\u00f3n y las nuevas tecnolog\u00edas como herramientas para mejorar la atenci\u00f3n y los cuidados de la poblaci\u00f3n.<\/p>\n","protected":false},"author":5,"featured_media":5977,"comment_status":"open","ping_status":"open","sticky":false,"template":"","format":"standard","meta":{"footnotes":""},"categories":[13,10],"tags":[],"class_list":["post-5974","post","type-post","status-publish","format-standard","has-post-thumbnail","hentry","category-asistencial","category-docencia"],"_links":{"self":[{"href":"https:\/\/saludextremadura.ses.es\/areasaludcoria\/wp-json\/wp\/v2\/posts\/5974"}],"collection":[{"href":"https:\/\/saludextremadura.ses.es\/areasaludcoria\/wp-json\/wp\/v2\/posts"}],"about":[{"href":"https:\/\/saludextremadura.ses.es\/areasaludcoria\/wp-json\/wp\/v2\/types\/post"}],"author":[{"embeddable":true,"href":"https:\/\/saludextremadura.ses.es\/areasaludcoria\/wp-json\/wp\/v2\/users\/5"}],"replies":[{"embeddable":true,"href":"https:\/\/saludextremadura.ses.es\/areasaludcoria\/wp-json\/wp\/v2\/comments?post=5974"}],"version-history":[{"count":13,"href":"https:\/\/saludextremadura.ses.es\/areasaludcoria\/wp-json\/wp\/v2\/posts\/5974\/revisions"}],"predecessor-version":[{"id":5991,"href":"https:\/\/saludextremadura.ses.es\/areasaludcoria\/wp-json\/wp\/v2\/posts\/5974\/revisions\/5991"}],"wp:featuredmedia":[{"embeddable":true,"href":"https:\/\/saludextremadura.ses.es\/areasaludcoria\/wp-json\/wp\/v2\/media\/5977"}],"wp:attachment":[{"href":"https:\/\/saludextremadura.ses.es\/areasaludcoria\/wp-json\/wp\/v2\/media?parent=5974"}],"wp:term":[{"taxonomy":"category","embeddable":true,"href":"https:\/\/saludextremadura.ses.es\/areasaludcoria\/wp-json\/wp\/v2\/categories?post=5974"},{"taxonomy":"post_tag","embeddable":true,"href":"https:\/\/saludextremadura.ses.es\/areasaludcoria\/wp-json\/wp\/v2\/tags?post=5974"}],"curies":[{"name":"wp","href":"https:\/\/api.w.org\/{rel}","templated":true}]}}