{"id":5913,"date":"2026-08-25T09:26:31","date_gmt":"2026-08-25T07:26:31","guid":{"rendered":"https:\/\/saludextremadura.ses.es\/areasaludcoria\/?p=5913"},"modified":"2026-08-25T14:09:16","modified_gmt":"2026-08-25T12:09:16","slug":"la-red-de-ferias-comunitarias-de-salud-del-area-de-salud-de-coria-finalista-nacional-en-los-premios-new-medical-economics-2026","status":"publish","type":"post","link":"https:\/\/saludextremadura.ses.es\/areasaludcoria\/la-red-de-ferias-comunitarias-de-salud-del-area-de-salud-de-coria-finalista-nacional-en-los-premios-new-medical-economics-2026\/","title":{"rendered":"La Red de Ferias Comunitarias de Salud del \u00c1rea de Salud de Coria, finalista nacional en los Premios New Medical Economics 2026"},"content":{"rendered":"\t\t<div data-elementor-type=\"wp-post\" data-elementor-id=\"5913\" class=\"elementor elementor-5913\">\n\t\t\t\t<div class=\"elementor-element elementor-element-90e6c76 e-flex e-con-boxed wpr-particle-no wpr-jarallax-no wpr-parallax-no wpr-sticky-section-no e-con e-parent\" data-id=\"90e6c76\" data-element_type=\"container\">\n\t\t\t\t\t<div class=\"e-con-inner\">\n\t\t\t\t<div class=\"elementor-element elementor-element-08408c0 elementor-widget elementor-widget-text-editor\" data-id=\"08408c0\" data-element_type=\"widget\" data-widget_type=\"text-editor.default\">\n\t\t\t\t<div class=\"elementor-widget-container\">\n\t\t\t\t\t\t\t<p><strong>La iniciativa, liderada desde Atenci\u00f3n Primaria, consolida un modelo innovador de promoci\u00f3n de la salud basado en la participaci\u00f3n ciudadana, la colaboraci\u00f3n intersectorial y la construcci\u00f3n de comunidades m\u00e1s saludables.<\/strong><\/p><p><strong>Coria, agosto de 2026<\/strong>. La Red de Ferias Comunitarias de Salud del \u00c1rea de Salud de Coria ha sido seleccionada como finalista en la categor\u00eda de<strong> Buenas Pr\u00e1cticas en Atenci\u00f3n Primaria<\/strong> de los Premios New Medical Economics 2026, uno de los principales reconocimientos nacionales a la innovaci\u00f3n sanitaria.<\/p><p>La candidatura reconoce una estrategia de salud comunitaria impulsada desde la Gerencia del \u00c1rea de Salud de Coria y los equipos de Atenci\u00f3n Primaria, basada en la organizaci\u00f3n de ferias y encuentros participativos que acercan la promoci\u00f3n de la salud a los entornos cotidianos donde las personas viven, se relacionan, aprenden y envejecen.<\/p><p>La Red integra actuaciones desarrolladas en distintos municipios del \u00e1rea, destacando especialmente <strong>Coria Salud Fest 2026<\/strong>, celebrado bajo el lema\u201cMu\u00e9vete con alegr\u00eda. Come sano cada d\u00eda\u201d, y la <strong>VIII Feria de la Salud de Torrejoncillo<\/strong>, centrada en la lucha contra la soledad no deseada, el envejecimiento activo, la salud mental comunitaria y las relaciones intergeneracionales.<\/p><p>El proyecto parte de una visi\u00f3n innovadora: la salud no se construye \u00fanicamente en hospitales y centros sanitarios, sino tambi\u00e9n en plazas, colegios, asociaciones, ayuntamientos y espacios comunitarios. Bajo esta premisa, la Red ha promovido actividades dirigidas a todas las etapas de la vida, fomentando h\u00e1bitos saludables, actividad f\u00edsica, bienestar emocional, prevenci\u00f3n de enfermedades cr\u00f3nicas y alfabetizaci\u00f3n sanitaria.<\/p><p>Uno de los principales elementos diferenciales de la iniciativa es su modelo de gobernanza colaborativa. En su desarrollo participan profesionales sanitarios, centros educativos, ayuntamientos, asociaciones de pacientes, entidades sociales, AMPAS, profesorado, alumnado y ciudadan\u00eda, generando una aut\u00e9ntica red comunitaria de promoci\u00f3n de la salud<\/p><p>Las actividades desarrolladas han incluido talleres de alimentaci\u00f3n saludable, actividad f\u00edsica, prevenci\u00f3n de adicciones, salud mental, primeros auxilios, prevenci\u00f3n del c\u00e1ncer, prevenci\u00f3n de infecciones de transmisi\u00f3n sexual,<\/p><p>envejecimiento activo, talleres intergeneracionales y actuaciones orientadas a combatir el aislamiento social.<\/p><p>La candidatura destaca adem\u00e1s la capacidad de este modelo para ser replicado en otros territorios, con un elevado impacto social y un coste reducido, favoreciendo la cohesi\u00f3n comunitaria y reforzando el papel estrat\u00e9gico de la Atenci\u00f3n Primaria como eje vertebrador de la salud p\u00fablica.<\/p><p>Para el \u00c1rea de Salud de Coria, esta nominaci\u00f3n supone un importante reconocimiento al compromiso de sus profesionales y al trabajo conjunto desarrollado junto a la ciudadan\u00eda, las administraciones locales, los centros educativos y el tejido asociativo de la comarca.<\/p><p>La condici\u00f3n de finalista nacional pone de manifiesto que los proyectos innovadores desarrollados en territorios rurales pueden convertirse en referentes de transformaci\u00f3n sanitaria, promoci\u00f3n de la salud y participaci\u00f3n comunitaria dentro del Sistema Nacional de Salud.<\/p><p><strong>\u00c1rea de Salud de Coria<\/strong><\/p><p><strong> Servicio\u00a0<\/strong> <strong>Extreme\u00f1o de Salud (SES)<\/strong><\/p>\t\t\t\t\t\t<\/div>\n\t\t\t\t<\/div>\n\t\t\t\t\t<\/div>\n\t\t\t\t<\/div>\n\t\t<div class=\"elementor-element elementor-element-ca70aa4 e-grid e-con-boxed wpr-particle-no wpr-jarallax-no wpr-parallax-no wpr-sticky-section-no e-con e-parent\" data-id=\"ca70aa4\" data-element_type=\"container\">\n\t\t\t\t\t<div class=\"e-con-inner\">\n\t\t\t\t<div class=\"elementor-element elementor-element-2ec164d elementor-widget elementor-widget-image\" data-id=\"2ec164d\" data-element_type=\"widget\" data-widget_type=\"image.default\">\n\t\t\t\t<div class=\"elementor-widget-container\">\n\t\t\t\t\t\t\t\t\t\t\t\t\t\t<a href=\"https:\/\/saludextremadura.ses.es\/areasaludcoria\/wp-content\/uploads\/2026\/03\/PRENSA-1-scaled.jpg\" data-elementor-open-lightbox=\"yes\" data-elementor-lightbox-title=\"PRENSA 1\" data-e-action-hash=\"#elementor-action%3Aaction%3Dlightbox%26settings%3DeyJpZCI6NTgxNywidXJsIjoiaHR0cHM6XC9cL3NhbHVkZXh0cmVtYWR1cmEuc2VzLmVzXC9hcmVhc2FsdWRjb3JpYVwvd3AtY29udGVudFwvdXBsb2Fkc1wvMjAyNlwvMDNcL1BSRU5TQS0xLXNjYWxlZC5qcGcifQ%3D%3D\">\n\t\t\t\t\t\t\t<img fetchpriority=\"high\" decoding=\"async\" width=\"960\" height=\"720\" src=\"https:\/\/saludextremadura.ses.es\/areasaludcoria\/wp-content\/uploads\/2026\/03\/PRENSA-1-1024x768.jpg\" class=\"attachment-large size-large wp-image-5817\" alt=\"\" srcset=\"https:\/\/saludextremadura.ses.es\/areasaludcoria\/wp-content\/uploads\/2026\/03\/PRENSA-1-1024x768.jpg 1024w, https:\/\/saludextremadura.ses.es\/areasaludcoria\/wp-content\/uploads\/2026\/03\/PRENSA-1-300x225.jpg 300w, https:\/\/saludextremadura.ses.es\/areasaludcoria\/wp-content\/uploads\/2026\/03\/PRENSA-1-768x576.jpg 768w, https:\/\/saludextremadura.ses.es\/areasaludcoria\/wp-content\/uploads\/2026\/03\/PRENSA-1-1536x1152.jpg 1536w, https:\/\/saludextremadura.ses.es\/areasaludcoria\/wp-content\/uploads\/2026\/03\/PRENSA-1-2048x1536.jpg 2048w\" sizes=\"(max-width: 960px) 100vw, 960px\" \/>\t\t\t\t\t\t\t\t<\/a>\n\t\t\t\t\t\t\t\t\t\t\t\t\t<\/div>\n\t\t\t\t<\/div>\n\t\t\t\t<div class=\"elementor-element elementor-element-d984df3 elementor-widget elementor-widget-image\" data-id=\"d984df3\" data-element_type=\"widget\" data-widget_type=\"image.default\">\n\t\t\t\t<div class=\"elementor-widget-container\">\n\t\t\t\t\t\t\t\t\t\t\t\t\t\t<a href=\"https:\/\/saludextremadura.ses.es\/areasaludcoria\/wp-content\/uploads\/2026\/08\/FB_IMG_1784668859738.jpg\" data-elementor-open-lightbox=\"yes\" data-elementor-lightbox-title=\"FB_IMG_1784668859738\" data-e-action-hash=\"#elementor-action%3Aaction%3Dlightbox%26settings%3DeyJpZCI6NTkyNCwidXJsIjoiaHR0cHM6XC9cL3NhbHVkZXh0cmVtYWR1cmEuc2VzLmVzXC9hcmVhc2FsdWRjb3JpYVwvd3AtY29udGVudFwvdXBsb2Fkc1wvMjAyNlwvMDhcL0ZCX0lNR18xNzg0NjY4ODU5NzM4LmpwZyJ9\">\n\t\t\t\t\t\t\t<img decoding=\"async\" width=\"768\" height=\"1024\" src=\"https:\/\/saludextremadura.ses.es\/areasaludcoria\/wp-content\/uploads\/2026\/08\/FB_IMG_1784668859738-768x1024.jpg\" class=\"attachment-large size-large wp-image-5924\" alt=\"\" srcset=\"https:\/\/saludextremadura.ses.es\/areasaludcoria\/wp-content\/uploads\/2026\/08\/FB_IMG_1784668859738-768x1024.jpg 768w, https:\/\/saludextremadura.ses.es\/areasaludcoria\/wp-content\/uploads\/2026\/08\/FB_IMG_1784668859738-225x300.jpg 225w, https:\/\/saludextremadura.ses.es\/areasaludcoria\/wp-content\/uploads\/2026\/08\/FB_IMG_1784668859738-1152x1536.jpg 1152w, https:\/\/saludextremadura.ses.es\/areasaludcoria\/wp-content\/uploads\/2026\/08\/FB_IMG_1784668859738.jpg 1200w\" sizes=\"(max-width: 768px) 100vw, 768px\" \/>\t\t\t\t\t\t\t\t<\/a>\n\t\t\t\t\t\t\t\t\t\t\t\t\t<\/div>\n\t\t\t\t<\/div>\n\t\t\t\t<div class=\"elementor-element elementor-element-694d9fc elementor-widget elementor-widget-image\" data-id=\"694d9fc\" data-element_type=\"widget\" data-widget_type=\"image.default\">\n\t\t\t\t<div class=\"elementor-widget-container\">\n\t\t\t\t\t\t\t\t\t\t\t\t\t\t<a href=\"https:\/\/saludextremadura.ses.es\/areasaludcoria\/wp-content\/uploads\/2026\/08\/FB_IMG_1784668870472.jpg\" data-elementor-open-lightbox=\"yes\" data-elementor-lightbox-title=\"FB_IMG_1784668870472\" data-e-action-hash=\"#elementor-action%3Aaction%3Dlightbox%26settings%3DeyJpZCI6NTkyNiwidXJsIjoiaHR0cHM6XC9cL3NhbHVkZXh0cmVtYWR1cmEuc2VzLmVzXC9hcmVhc2FsdWRjb3JpYVwvd3AtY29udGVudFwvdXBsb2Fkc1wvMjAyNlwvMDhcL0ZCX0lNR18xNzg0NjY4ODcwNDcyLmpwZyJ9\">\n\t\t\t\t\t\t\t<img decoding=\"async\" width=\"960\" height=\"720\" src=\"https:\/\/saludextremadura.ses.es\/areasaludcoria\/wp-content\/uploads\/2026\/08\/FB_IMG_1784668870472-1024x768.jpg\" class=\"attachment-large size-large wp-image-5926\" alt=\"\" srcset=\"https:\/\/saludextremadura.ses.es\/areasaludcoria\/wp-content\/uploads\/2026\/08\/FB_IMG_1784668870472-1024x768.jpg 1024w, https:\/\/saludextremadura.ses.es\/areasaludcoria\/wp-content\/uploads\/2026\/08\/FB_IMG_1784668870472-300x225.jpg 300w, https:\/\/saludextremadura.ses.es\/areasaludcoria\/wp-content\/uploads\/2026\/08\/FB_IMG_1784668870472-768x576.jpg 768w, https:\/\/saludextremadura.ses.es\/areasaludcoria\/wp-content\/uploads\/2026\/08\/FB_IMG_1784668870472-1536x1152.jpg 1536w, https:\/\/saludextremadura.ses.es\/areasaludcoria\/wp-content\/uploads\/2026\/08\/FB_IMG_1784668870472.jpg 2048w\" sizes=\"(max-width: 960px) 100vw, 960px\" \/>\t\t\t\t\t\t\t\t<\/a>\n\t\t\t\t\t\t\t\t\t\t\t\t\t<\/div>\n\t\t\t\t<\/div>\n\t\t\t\t<div class=\"elementor-element elementor-element-87b2bba elementor-widget elementor-widget-image\" data-id=\"87b2bba\" data-element_type=\"widget\" data-widget_type=\"image.default\">\n\t\t\t\t<div class=\"elementor-widget-container\">\n\t\t\t\t\t\t\t\t\t\t\t\t\t\t<a href=\"https:\/\/saludextremadura.ses.es\/areasaludcoria\/wp-content\/uploads\/2026\/08\/FB_IMG_1784668818279.jpg\" data-elementor-open-lightbox=\"yes\" data-elementor-lightbox-title=\"FB_IMG_1784668818279\" data-e-action-hash=\"#elementor-action%3Aaction%3Dlightbox%26settings%3DeyJpZCI6NTkxOCwidXJsIjoiaHR0cHM6XC9cL3NhbHVkZXh0cmVtYWR1cmEuc2VzLmVzXC9hcmVhc2FsdWRjb3JpYVwvd3AtY29udGVudFwvdXBsb2Fkc1wvMjAyNlwvMDhcL0ZCX0lNR18xNzg0NjY4ODE4Mjc5LmpwZyJ9\">\n\t\t\t\t\t\t\t<img loading=\"lazy\" decoding=\"async\" width=\"960\" height=\"720\" src=\"https:\/\/saludextremadura.ses.es\/areasaludcoria\/wp-content\/uploads\/2026\/08\/FB_IMG_1784668818279-1024x768.jpg\" class=\"attachment-large size-large wp-image-5918\" alt=\"\" srcset=\"https:\/\/saludextremadura.ses.es\/areasaludcoria\/wp-content\/uploads\/2026\/08\/FB_IMG_1784668818279-1024x768.jpg 1024w, https:\/\/saludextremadura.ses.es\/areasaludcoria\/wp-content\/uploads\/2026\/08\/FB_IMG_1784668818279-300x225.jpg 300w, https:\/\/saludextremadura.ses.es\/areasaludcoria\/wp-content\/uploads\/2026\/08\/FB_IMG_1784668818279-768x576.jpg 768w, https:\/\/saludextremadura.ses.es\/areasaludcoria\/wp-content\/uploads\/2026\/08\/FB_IMG_1784668818279-1536x1152.jpg 1536w, https:\/\/saludextremadura.ses.es\/areasaludcoria\/wp-content\/uploads\/2026\/08\/FB_IMG_1784668818279.jpg 2048w\" sizes=\"(max-width: 960px) 100vw, 960px\" \/>\t\t\t\t\t\t\t\t<\/a>\n\t\t\t\t\t\t\t\t\t\t\t\t\t<\/div>\n\t\t\t\t<\/div>\n\t\t\t\t<div class=\"elementor-element elementor-element-0d93eb0 elementor-widget elementor-widget-image\" data-id=\"0d93eb0\" data-element_type=\"widget\" data-widget_type=\"image.default\">\n\t\t\t\t<div class=\"elementor-widget-container\">\n\t\t\t\t\t\t\t\t\t\t\t\t\t\t<a href=\"https:\/\/saludextremadura.ses.es\/areasaludcoria\/wp-content\/uploads\/2026\/08\/FB_IMG_1784668840938.jpg\" data-elementor-open-lightbox=\"yes\" data-elementor-lightbox-title=\"FB_IMG_1784668840938\" data-e-action-hash=\"#elementor-action%3Aaction%3Dlightbox%26settings%3DeyJpZCI6NTkyMSwidXJsIjoiaHR0cHM6XC9cL3NhbHVkZXh0cmVtYWR1cmEuc2VzLmVzXC9hcmVhc2FsdWRjb3JpYVwvd3AtY29udGVudFwvdXBsb2Fkc1wvMjAyNlwvMDhcL0ZCX0lNR18xNzg0NjY4ODQwOTM4LmpwZyJ9\">\n\t\t\t\t\t\t\t<img loading=\"lazy\" decoding=\"async\" width=\"960\" height=\"720\" src=\"https:\/\/saludextremadura.ses.es\/areasaludcoria\/wp-content\/uploads\/2026\/08\/FB_IMG_1784668840938-1024x768.jpg\" class=\"attachment-large size-large wp-image-5921\" alt=\"\" srcset=\"https:\/\/saludextremadura.ses.es\/areasaludcoria\/wp-content\/uploads\/2026\/08\/FB_IMG_1784668840938-1024x768.jpg 1024w, https:\/\/saludextremadura.ses.es\/areasaludcoria\/wp-content\/uploads\/2026\/08\/FB_IMG_1784668840938-300x225.jpg 300w, https:\/\/saludextremadura.ses.es\/areasaludcoria\/wp-content\/uploads\/2026\/08\/FB_IMG_1784668840938-768x576.jpg 768w, https:\/\/saludextremadura.ses.es\/areasaludcoria\/wp-content\/uploads\/2026\/08\/FB_IMG_1784668840938-1536x1152.jpg 1536w, https:\/\/saludextremadura.ses.es\/areasaludcoria\/wp-content\/uploads\/2026\/08\/FB_IMG_1784668840938.jpg 2048w\" sizes=\"(max-width: 960px) 100vw, 960px\" \/>\t\t\t\t\t\t\t\t<\/a>\n\t\t\t\t\t\t\t\t\t\t\t\t\t<\/div>\n\t\t\t\t<\/div>\n\t\t\t\t<div class=\"elementor-element elementor-element-6b06d7c elementor-widget elementor-widget-image\" data-id=\"6b06d7c\" data-element_type=\"widget\" data-widget_type=\"image.default\">\n\t\t\t\t<div class=\"elementor-widget-container\">\n\t\t\t\t\t\t\t\t\t\t\t\t\t\t<a href=\"https:\/\/saludextremadura.ses.es\/areasaludcoria\/wp-content\/uploads\/2026\/08\/FB_IMG_1784668969927.jpg\" data-elementor-open-lightbox=\"yes\" data-elementor-lightbox-title=\"FB_IMG_1784668969927\" data-e-action-hash=\"#elementor-action%3Aaction%3Dlightbox%26settings%3DeyJpZCI6NTkzMSwidXJsIjoiaHR0cHM6XC9cL3NhbHVkZXh0cmVtYWR1cmEuc2VzLmVzXC9hcmVhc2FsdWRjb3JpYVwvd3AtY29udGVudFwvdXBsb2Fkc1wvMjAyNlwvMDhcL0ZCX0lNR18xNzg0NjY4OTY5OTI3LmpwZyJ9\">\n\t\t\t\t\t\t\t<img loading=\"lazy\" decoding=\"async\" width=\"960\" height=\"960\" src=\"https:\/\/saludextremadura.ses.es\/areasaludcoria\/wp-content\/uploads\/2026\/08\/FB_IMG_1784668969927-1024x1024.jpg\" class=\"attachment-large size-large wp-image-5931\" alt=\"\" srcset=\"https:\/\/saludextremadura.ses.es\/areasaludcoria\/wp-content\/uploads\/2026\/08\/FB_IMG_1784668969927-1024x1024.jpg 1024w, https:\/\/saludextremadura.ses.es\/areasaludcoria\/wp-content\/uploads\/2026\/08\/FB_IMG_1784668969927-300x300.jpg 300w, https:\/\/saludextremadura.ses.es\/areasaludcoria\/wp-content\/uploads\/2026\/08\/FB_IMG_1784668969927-150x150.jpg 150w, https:\/\/saludextremadura.ses.es\/areasaludcoria\/wp-content\/uploads\/2026\/08\/FB_IMG_1784668969927-768x768.jpg 768w, https:\/\/saludextremadura.ses.es\/areasaludcoria\/wp-content\/uploads\/2026\/08\/FB_IMG_1784668969927.jpg 1050w\" sizes=\"(max-width: 960px) 100vw, 960px\" \/>\t\t\t\t\t\t\t\t<\/a>\n\t\t\t\t\t\t\t\t\t\t\t\t\t<\/div>\n\t\t\t\t<\/div>\n\t\t\t\t<div class=\"elementor-element elementor-element-aceeb93 elementor-widget elementor-widget-image\" data-id=\"aceeb93\" data-element_type=\"widget\" data-widget_type=\"image.default\">\n\t\t\t\t<div class=\"elementor-widget-container\">\n\t\t\t\t\t\t\t\t\t\t\t\t\t\t<a href=\"https:\/\/saludextremadura.ses.es\/areasaludcoria\/wp-content\/uploads\/2026\/08\/FB_IMG_1784668835585.jpg\" data-elementor-open-lightbox=\"yes\" data-elementor-lightbox-title=\"FB_IMG_1784668835585\" data-e-action-hash=\"#elementor-action%3Aaction%3Dlightbox%26settings%3DeyJpZCI6NTkyMCwidXJsIjoiaHR0cHM6XC9cL3NhbHVkZXh0cmVtYWR1cmEuc2VzLmVzXC9hcmVhc2FsdWRjb3JpYVwvd3AtY29udGVudFwvdXBsb2Fkc1wvMjAyNlwvMDhcL0ZCX0lNR18xNzg0NjY4ODM1NTg1LmpwZyJ9\">\n\t\t\t\t\t\t\t<img loading=\"lazy\" decoding=\"async\" width=\"768\" height=\"1024\" src=\"https:\/\/saludextremadura.ses.es\/areasaludcoria\/wp-content\/uploads\/2026\/08\/FB_IMG_1784668835585-768x1024.jpg\" class=\"attachment-large size-large wp-image-5920\" alt=\"\" srcset=\"https:\/\/saludextremadura.ses.es\/areasaludcoria\/wp-content\/uploads\/2026\/08\/FB_IMG_1784668835585-768x1024.jpg 768w, https:\/\/saludextremadura.ses.es\/areasaludcoria\/wp-content\/uploads\/2026\/08\/FB_IMG_1784668835585-225x300.jpg 225w, https:\/\/saludextremadura.ses.es\/areasaludcoria\/wp-content\/uploads\/2026\/08\/FB_IMG_1784668835585-1152x1536.jpg 1152w, https:\/\/saludextremadura.ses.es\/areasaludcoria\/wp-content\/uploads\/2026\/08\/FB_IMG_1784668835585.jpg 1536w\" sizes=\"(max-width: 768px) 100vw, 768px\" \/>\t\t\t\t\t\t\t\t<\/a>\n\t\t\t\t\t\t\t\t\t\t\t\t\t<\/div>\n\t\t\t\t<\/div>\n\t\t\t\t<div class=\"elementor-element elementor-element-064a167 elementor-widget elementor-widget-image\" data-id=\"064a167\" data-element_type=\"widget\" data-widget_type=\"image.default\">\n\t\t\t\t<div class=\"elementor-widget-container\">\n\t\t\t\t\t\t\t\t\t\t\t\t\t\t<a href=\"https:\/\/saludextremadura.ses.es\/areasaludcoria\/wp-content\/uploads\/2026\/08\/FB_IMG_1784669243352.jpg\" data-elementor-open-lightbox=\"yes\" data-elementor-lightbox-title=\"FB_IMG_1784669243352\" data-e-action-hash=\"#elementor-action%3Aaction%3Dlightbox%26settings%3DeyJpZCI6NTk1MCwidXJsIjoiaHR0cHM6XC9cL3NhbHVkZXh0cmVtYWR1cmEuc2VzLmVzXC9hcmVhc2FsdWRjb3JpYVwvd3AtY29udGVudFwvdXBsb2Fkc1wvMjAyNlwvMDhcL0ZCX0lNR18xNzg0NjY5MjQzMzUyLmpwZyJ9\">\n\t\t\t\t\t\t\t<img loading=\"lazy\" decoding=\"async\" width=\"960\" height=\"960\" src=\"https:\/\/saludextremadura.ses.es\/areasaludcoria\/wp-content\/uploads\/2026\/08\/FB_IMG_1784669243352-1024x1024.jpg\" class=\"attachment-large size-large wp-image-5950\" alt=\"\" srcset=\"https:\/\/saludextremadura.ses.es\/areasaludcoria\/wp-content\/uploads\/2026\/08\/FB_IMG_1784669243352-1024x1024.jpg 1024w, https:\/\/saludextremadura.ses.es\/areasaludcoria\/wp-content\/uploads\/2026\/08\/FB_IMG_1784669243352-300x300.jpg 300w, https:\/\/saludextremadura.ses.es\/areasaludcoria\/wp-content\/uploads\/2026\/08\/FB_IMG_1784669243352-150x150.jpg 150w, https:\/\/saludextremadura.ses.es\/areasaludcoria\/wp-content\/uploads\/2026\/08\/FB_IMG_1784669243352-768x768.jpg 768w, https:\/\/saludextremadura.ses.es\/areasaludcoria\/wp-content\/uploads\/2026\/08\/FB_IMG_1784669243352.jpg 1080w\" sizes=\"(max-width: 960px) 100vw, 960px\" \/>\t\t\t\t\t\t\t\t<\/a>\n\t\t\t\t\t\t\t\t\t\t\t\t\t<\/div>\n\t\t\t\t<\/div>\n\t\t\t\t<div class=\"elementor-element elementor-element-967d8af elementor-widget elementor-widget-image\" data-id=\"967d8af\" data-element_type=\"widget\" data-widget_type=\"image.default\">\n\t\t\t\t<div class=\"elementor-widget-container\">\n\t\t\t\t\t\t\t\t\t\t\t\t\t\t<a href=\"https:\/\/saludextremadura.ses.es\/areasaludcoria\/wp-content\/uploads\/2026\/08\/FB_IMG_1784668813226.jpg\" data-elementor-open-lightbox=\"yes\" data-elementor-lightbox-title=\"FB_IMG_1784668813226\" data-e-action-hash=\"#elementor-action%3Aaction%3Dlightbox%26settings%3DeyJpZCI6NTkxNywidXJsIjoiaHR0cHM6XC9cL3NhbHVkZXh0cmVtYWR1cmEuc2VzLmVzXC9hcmVhc2FsdWRjb3JpYVwvd3AtY29udGVudFwvdXBsb2Fkc1wvMjAyNlwvMDhcL0ZCX0lNR18xNzg0NjY4ODEzMjI2LmpwZyJ9\">\n\t\t\t\t\t\t\t<img loading=\"lazy\" decoding=\"async\" width=\"960\" height=\"720\" src=\"https:\/\/saludextremadura.ses.es\/areasaludcoria\/wp-content\/uploads\/2026\/08\/FB_IMG_1784668813226-1024x768.jpg\" class=\"attachment-large size-large wp-image-5917\" alt=\"\" srcset=\"https:\/\/saludextremadura.ses.es\/areasaludcoria\/wp-content\/uploads\/2026\/08\/FB_IMG_1784668813226-1024x768.jpg 1024w, https:\/\/saludextremadura.ses.es\/areasaludcoria\/wp-content\/uploads\/2026\/08\/FB_IMG_1784668813226-300x225.jpg 300w, https:\/\/saludextremadura.ses.es\/areasaludcoria\/wp-content\/uploads\/2026\/08\/FB_IMG_1784668813226-768x576.jpg 768w, https:\/\/saludextremadura.ses.es\/areasaludcoria\/wp-content\/uploads\/2026\/08\/FB_IMG_1784668813226-1536x1152.jpg 1536w, https:\/\/saludextremadura.ses.es\/areasaludcoria\/wp-content\/uploads\/2026\/08\/FB_IMG_1784668813226.jpg 2048w\" sizes=\"(max-width: 960px) 100vw, 960px\" \/>\t\t\t\t\t\t\t\t<\/a>\n\t\t\t\t\t\t\t\t\t\t\t\t\t<\/div>\n\t\t\t\t<\/div>\n\t\t\t\t<div class=\"elementor-element elementor-element-3e74bed elementor-widget elementor-widget-image\" data-id=\"3e74bed\" data-element_type=\"widget\" data-widget_type=\"image.default\">\n\t\t\t\t<div class=\"elementor-widget-container\">\n\t\t\t\t\t\t\t\t\t\t\t\t\t\t<a href=\"https:\/\/saludextremadura.ses.es\/areasaludcoria\/wp-content\/uploads\/2026\/08\/FB_IMG_1784668853942.jpg\" data-elementor-open-lightbox=\"yes\" data-elementor-lightbox-title=\"FB_IMG_1784668853942\" data-e-action-hash=\"#elementor-action%3Aaction%3Dlightbox%26settings%3DeyJpZCI6NTkyMywidXJsIjoiaHR0cHM6XC9cL3NhbHVkZXh0cmVtYWR1cmEuc2VzLmVzXC9hcmVhc2FsdWRjb3JpYVwvd3AtY29udGVudFwvdXBsb2Fkc1wvMjAyNlwvMDhcL0ZCX0lNR18xNzg0NjY4ODUzOTQyLmpwZyJ9\">\n\t\t\t\t\t\t\t<img loading=\"lazy\" decoding=\"async\" width=\"768\" height=\"1024\" src=\"https:\/\/saludextremadura.ses.es\/areasaludcoria\/wp-content\/uploads\/2026\/08\/FB_IMG_1784668853942-768x1024.jpg\" class=\"attachment-large size-large wp-image-5923\" alt=\"\" srcset=\"https:\/\/saludextremadura.ses.es\/areasaludcoria\/wp-content\/uploads\/2026\/08\/FB_IMG_1784668853942-768x1024.jpg 768w, https:\/\/saludextremadura.ses.es\/areasaludcoria\/wp-content\/uploads\/2026\/08\/FB_IMG_1784668853942-225x300.jpg 225w, https:\/\/saludextremadura.ses.es\/areasaludcoria\/wp-content\/uploads\/2026\/08\/FB_IMG_1784668853942-1152x1536.jpg 1152w, https:\/\/saludextremadura.ses.es\/areasaludcoria\/wp-content\/uploads\/2026\/08\/FB_IMG_1784668853942.jpg 1200w\" sizes=\"(max-width: 768px) 100vw, 768px\" \/>\t\t\t\t\t\t\t\t<\/a>\n\t\t\t\t\t\t\t\t\t\t\t\t\t<\/div>\n\t\t\t\t<\/div>\n\t\t\t\t<div class=\"elementor-element elementor-element-7301c41 elementor-widget elementor-widget-image\" data-id=\"7301c41\" data-element_type=\"widget\" data-widget_type=\"image.default\">\n\t\t\t\t<div class=\"elementor-widget-container\">\n\t\t\t\t\t\t\t\t\t\t\t\t\t\t<a href=\"https:\/\/saludextremadura.ses.es\/areasaludcoria\/wp-content\/uploads\/2026\/08\/FB_IMG_1784668875836.jpg\" data-elementor-open-lightbox=\"yes\" data-elementor-lightbox-title=\"FB_IMG_1784668875836\" data-e-action-hash=\"#elementor-action%3Aaction%3Dlightbox%26settings%3DeyJpZCI6NTkyNywidXJsIjoiaHR0cHM6XC9cL3NhbHVkZXh0cmVtYWR1cmEuc2VzLmVzXC9hcmVhc2FsdWRjb3JpYVwvd3AtY29udGVudFwvdXBsb2Fkc1wvMjAyNlwvMDhcL0ZCX0lNR18xNzg0NjY4ODc1ODM2LmpwZyJ9\">\n\t\t\t\t\t\t\t<img loading=\"lazy\" decoding=\"async\" width=\"768\" height=\"1024\" src=\"https:\/\/saludextremadura.ses.es\/areasaludcoria\/wp-content\/uploads\/2026\/08\/FB_IMG_1784668875836-768x1024.jpg\" class=\"attachment-large size-large wp-image-5927\" alt=\"\" srcset=\"https:\/\/saludextremadura.ses.es\/areasaludcoria\/wp-content\/uploads\/2026\/08\/FB_IMG_1784668875836-768x1024.jpg 768w, https:\/\/saludextremadura.ses.es\/areasaludcoria\/wp-content\/uploads\/2026\/08\/FB_IMG_1784668875836-225x300.jpg 225w, https:\/\/saludextremadura.ses.es\/areasaludcoria\/wp-content\/uploads\/2026\/08\/FB_IMG_1784668875836-1152x1536.jpg 1152w, https:\/\/saludextremadura.ses.es\/areasaludcoria\/wp-content\/uploads\/2026\/08\/FB_IMG_1784668875836.jpg 1200w\" sizes=\"(max-width: 768px) 100vw, 768px\" \/>\t\t\t\t\t\t\t\t<\/a>\n\t\t\t\t\t\t\t\t\t\t\t\t\t<\/div>\n\t\t\t\t<\/div>\n\t\t\t\t<div class=\"elementor-element elementor-element-46d3094 elementor-widget elementor-widget-image\" data-id=\"46d3094\" data-element_type=\"widget\" data-widget_type=\"image.default\">\n\t\t\t\t<div class=\"elementor-widget-container\">\n\t\t\t\t\t\t\t\t\t\t\t\t\t\t<a href=\"https:\/\/saludextremadura.ses.es\/areasaludcoria\/wp-content\/uploads\/2026\/08\/FB_IMG_1784668988357.jpg\" data-elementor-open-lightbox=\"yes\" data-elementor-lightbox-title=\"FB_IMG_1784668988357\" data-e-action-hash=\"#elementor-action%3Aaction%3Dlightbox%26settings%3DeyJpZCI6NTkzMiwidXJsIjoiaHR0cHM6XC9cL3NhbHVkZXh0cmVtYWR1cmEuc2VzLmVzXC9hcmVhc2FsdWRjb3JpYVwvd3AtY29udGVudFwvdXBsb2Fkc1wvMjAyNlwvMDhcL0ZCX0lNR18xNzg0NjY4OTg4MzU3LmpwZyJ9\">\n\t\t\t\t\t\t\t<img loading=\"lazy\" decoding=\"async\" width=\"960\" height=\"960\" src=\"https:\/\/saludextremadura.ses.es\/areasaludcoria\/wp-content\/uploads\/2026\/08\/FB_IMG_1784668988357-1024x1024.jpg\" class=\"attachment-large size-large wp-image-5932\" alt=\"\" srcset=\"https:\/\/saludextremadura.ses.es\/areasaludcoria\/wp-content\/uploads\/2026\/08\/FB_IMG_1784668988357-1024x1024.jpg 1024w, https:\/\/saludextremadura.ses.es\/areasaludcoria\/wp-content\/uploads\/2026\/08\/FB_IMG_1784668988357-300x300.jpg 300w, https:\/\/saludextremadura.ses.es\/areasaludcoria\/wp-content\/uploads\/2026\/08\/FB_IMG_1784668988357-150x150.jpg 150w, https:\/\/saludextremadura.ses.es\/areasaludcoria\/wp-content\/uploads\/2026\/08\/FB_IMG_1784668988357-768x768.jpg 768w, https:\/\/saludextremadura.ses.es\/areasaludcoria\/wp-content\/uploads\/2026\/08\/FB_IMG_1784668988357.jpg 1080w\" sizes=\"(max-width: 960px) 100vw, 960px\" \/>\t\t\t\t\t\t\t\t<\/a>\n\t\t\t\t\t\t\t\t\t\t\t\t\t<\/div>\n\t\t\t\t<\/div>\n\t\t\t\t<div class=\"elementor-element elementor-element-976baf1 elementor-widget elementor-widget-image\" data-id=\"976baf1\" data-element_type=\"widget\" data-widget_type=\"image.default\">\n\t\t\t\t<div class=\"elementor-widget-container\">\n\t\t\t\t\t\t\t\t\t\t\t\t\t\t<a href=\"https:\/\/saludextremadura.ses.es\/areasaludcoria\/wp-content\/uploads\/2026\/08\/FB_IMG_1784668802228.jpg\" data-elementor-open-lightbox=\"yes\" data-elementor-lightbox-title=\"FB_IMG_1784668802228\" data-e-action-hash=\"#elementor-action%3Aaction%3Dlightbox%26settings%3DeyJpZCI6NTkxNSwidXJsIjoiaHR0cHM6XC9cL3NhbHVkZXh0cmVtYWR1cmEuc2VzLmVzXC9hcmVhc2FsdWRjb3JpYVwvd3AtY29udGVudFwvdXBsb2Fkc1wvMjAyNlwvMDhcL0ZCX0lNR18xNzg0NjY4ODAyMjI4LmpwZyJ9\">\n\t\t\t\t\t\t\t<img loading=\"lazy\" decoding=\"async\" width=\"768\" height=\"1024\" src=\"https:\/\/saludextremadura.ses.es\/areasaludcoria\/wp-content\/uploads\/2026\/08\/FB_IMG_1784668802228-768x1024.jpg\" class=\"attachment-large size-large wp-image-5915\" alt=\"\" srcset=\"https:\/\/saludextremadura.ses.es\/areasaludcoria\/wp-content\/uploads\/2026\/08\/FB_IMG_1784668802228-768x1024.jpg 768w, https:\/\/saludextremadura.ses.es\/areasaludcoria\/wp-content\/uploads\/2026\/08\/FB_IMG_1784668802228-225x300.jpg 225w, https:\/\/saludextremadura.ses.es\/areasaludcoria\/wp-content\/uploads\/2026\/08\/FB_IMG_1784668802228-1152x1536.jpg 1152w, https:\/\/saludextremadura.ses.es\/areasaludcoria\/wp-content\/uploads\/2026\/08\/FB_IMG_1784668802228.jpg 1536w\" sizes=\"(max-width: 768px) 100vw, 768px\" \/>\t\t\t\t\t\t\t\t<\/a>\n\t\t\t\t\t\t\t\t\t\t\t\t\t<\/div>\n\t\t\t\t<\/div>\n\t\t\t\t\t<\/div>\n\t\t\t\t<\/div>\n\t\t\t\t<\/div>\n\t\t","protected":false},"excerpt":{"rendered":"<p>La iniciativa, liderada desde Atenci\u00f3n Primaria, consolida un modelo innovador de promoci\u00f3n de la salud basado en la participaci\u00f3n ciudadana, la colaboraci\u00f3n intersectorial y la construcci\u00f3n de comunidades m\u00e1s saludables. Coria, agosto de 2026. La Red de Ferias Comunitarias de Salud del \u00c1rea de Salud de Coria ha sido seleccionada como finalista en la categor\u00eda de Buenas Pr\u00e1cticas en Atenci\u00f3n Primaria de los Premios New Medical Economics 2026, uno de los principales reconocimientos nacionales a la innovaci\u00f3n sanitaria. La candidatura reconoce una estrategia de salud comunitaria impulsada desde la Gerencia del \u00c1rea de Salud de Coria y los equipos de Atenci\u00f3n Primaria, basada en la organizaci\u00f3n de ferias y encuentros participativos que acercan la promoci\u00f3n de la salud a los entornos cotidianos donde las personas viven, se relacionan, aprenden y envejecen. La Red integra actuaciones desarrolladas en distintos municipios del \u00e1rea, destacando especialmente Coria Salud Fest 2026, celebrado bajo el lema\u201cMu\u00e9vete con alegr\u00eda. Come sano cada d\u00eda\u201d, y la VIII Feria de la Salud de Torrejoncillo, centrada en la lucha contra la soledad no deseada, el envejecimiento activo, la salud mental comunitaria y las relaciones intergeneracionales. El proyecto parte de una visi\u00f3n innovadora: la salud no se construye \u00fanicamente en hospitales y centros sanitarios, sino tambi\u00e9n en plazas, colegios, asociaciones, ayuntamientos y espacios comunitarios. Bajo esta premisa, la Red ha promovido actividades dirigidas a todas las etapas de la vida, fomentando h\u00e1bitos saludables, actividad f\u00edsica, bienestar emocional, prevenci\u00f3n de enfermedades cr\u00f3nicas y alfabetizaci\u00f3n sanitaria. Uno de los principales elementos diferenciales de la iniciativa es su modelo de gobernanza colaborativa. En su desarrollo participan profesionales sanitarios, centros educativos, ayuntamientos, asociaciones de pacientes, entidades sociales, AMPAS, profesorado, alumnado y ciudadan\u00eda, generando una aut\u00e9ntica red comunitaria de promoci\u00f3n de la salud Las actividades desarrolladas han incluido talleres de alimentaci\u00f3n saludable, actividad f\u00edsica, prevenci\u00f3n de adicciones, salud mental, primeros auxilios, prevenci\u00f3n del c\u00e1ncer, prevenci\u00f3n de infecciones de transmisi\u00f3n sexual, envejecimiento activo, talleres intergeneracionales y actuaciones orientadas a combatir el aislamiento social. La candidatura destaca adem\u00e1s la capacidad de este modelo para ser replicado en otros territorios, con un elevado impacto social y un coste reducido, favoreciendo la cohesi\u00f3n comunitaria y reforzando el papel estrat\u00e9gico de la Atenci\u00f3n Primaria como eje vertebrador de la salud p\u00fablica. Para el \u00c1rea de Salud de Coria, esta nominaci\u00f3n supone un importante reconocimiento al compromiso de sus profesionales y al trabajo conjunto desarrollado junto a la ciudadan\u00eda, las administraciones locales, los centros educativos y el tejido asociativo de la comarca. La condici\u00f3n de finalista nacional pone de manifiesto que los proyectos innovadores desarrollados en territorios rurales pueden convertirse en referentes de transformaci\u00f3n sanitaria, promoci\u00f3n de la salud y participaci\u00f3n comunitaria dentro del Sistema Nacional de Salud. \u00c1rea de Salud de Coria Servicio\u00a0 Extreme\u00f1o de Salud (SES)<\/p>\n","protected":false},"author":5,"featured_media":5973,"comment_status":"open","ping_status":"open","sticky":false,"template":"","format":"standard","meta":{"footnotes":""},"categories":[13,12,10,11],"tags":[],"class_list":["post-5913","post","type-post","status-publish","format-standard","has-post-thumbnail","hentry","category-asistencial","category-calidad","category-docencia","category-salud-publica"],"_links":{"self":[{"href":"https:\/\/saludextremadura.ses.es\/areasaludcoria\/wp-json\/wp\/v2\/posts\/5913"}],"collection":[{"href":"https:\/\/saludextremadura.ses.es\/areasaludcoria\/wp-json\/wp\/v2\/posts"}],"about":[{"href":"https:\/\/saludextremadura.ses.es\/areasaludcoria\/wp-json\/wp\/v2\/types\/post"}],"author":[{"embeddable":true,"href":"https:\/\/saludextremadura.ses.es\/areasaludcoria\/wp-json\/wp\/v2\/users\/5"}],"replies":[{"embeddable":true,"href":"https:\/\/saludextremadura.ses.es\/areasaludcoria\/wp-json\/wp\/v2\/comments?post=5913"}],"version-history":[{"count":19,"href":"https:\/\/saludextremadura.ses.es\/areasaludcoria\/wp-json\/wp\/v2\/posts\/5913\/revisions"}],"predecessor-version":[{"id":5971,"href":"https:\/\/saludextremadura.ses.es\/areasaludcoria\/wp-json\/wp\/v2\/posts\/5913\/revisions\/5971"}],"wp:featuredmedia":[{"embeddable":true,"href":"https:\/\/saludextremadura.ses.es\/areasaludcoria\/wp-json\/wp\/v2\/media\/5973"}],"wp:attachment":[{"href":"https:\/\/saludextremadura.ses.es\/areasaludcoria\/wp-json\/wp\/v2\/media?parent=5913"}],"wp:term":[{"taxonomy":"category","embeddable":true,"href":"https:\/\/saludextremadura.ses.es\/areasaludcoria\/wp-json\/wp\/v2\/categories?post=5913"},{"taxonomy":"post_tag","embeddable":true,"href":"https:\/\/saludextremadura.ses.es\/areasaludcoria\/wp-json\/wp\/v2\/tags?post=5913"}],"curies":[{"name":"wp","href":"https:\/\/api.w.org\/{rel}","templated":true}]}}